{"id":1339,"date":"2017-09-30T00:10:34","date_gmt":"2017-09-29T22:10:34","guid":{"rendered":"http:\/\/tom-stehule.com\/?p=1339"},"modified":"2017-09-23T21:02:18","modified_gmt":"2017-09-23T19:02:18","slug":"brazilie-samota-v-amazonii-ji-stala-zivot","status":"publish","type":"post","link":"https:\/\/tom-stehule.com\/es\/2017\/09\/30\/brazilie-samota-v-amazonii-ji-stala-zivot\/","title":{"rendered":"Braz\u00edlie: Samota v&nbsp;Amazonii ji st\u00e1la \u017eivot"},"content":{"rendered":"<p><span style=\"font-family: arial, helvetica, sans-serif; font-size: 16px;\"><b>Britsk\u00e1 kajak\u00e1\u0159ka Emma Kelty, kter\u00e1 se vydala sama na kajaku doprost\u0159ed Amazonie byla nalezena mrtv\u00e1 v&nbsp;Braz\u00edlii. Je\u0161t\u011b p\u0159edt\u00edm stihla prost\u0159ednictv\u00edm Facebooku po\u017e\u00e1dat o pomoc. O t\u0159i dny pozd\u011bji byla nalezena mrtv\u00e1.<\/b><\/span><\/p>\n<p><!--more--><\/p>\n<p><span style=\"font-family: arial, helvetica, sans-serif; font-size: 16px;\"><b>Emma Kelty<\/b><span style=\"font-weight: 400;\">\u00a0(43), [1] opustila pr\u00e1ci \u0159editelky jedn\u00e9 britsk\u00e9 \u0161koly v&nbsp;roce 2014 aby si splnila sv\u016fj sen a mohla cestovat. Vyzkou\u0161ela si nap\u0159\u00edklad ly\u017eov\u00e1n\u00ed na ji\u017en\u00edm p\u00f3lu a nebo procestovala Spojen\u00e9 st\u00e1ty. Nakonec se rozhodla, \u017ee projede na kajaku a bez doprovodu \u0159eku Amazonku. Dala si za c\u00edl sjet \u0159eku od pramene v&nbsp;peru\u00e1nsk\u00fdch And\u00e1ch a\u017e po Atlantsk\u00fd oce\u00e1n.<\/span><\/span><\/p>\n<figure id=\"attachment_1342\" aria-describedby=\"caption-attachment-1342\" style=\"width: 620px\" class=\"wp-caption aligncenter\"><img loading=\"lazy\" decoding=\"async\" class=\"size-full wp-image-1342\" src=\"https:\/\/tom-stehule.com\/wp-content\/uploads\/2017\/09\/mapa.jpg\" alt=\"\" width=\"620\" height=\"519\" srcset=\"https:\/\/tom-stehule.com\/wp-content\/uploads\/2017\/09\/mapa.jpg 620w, https:\/\/tom-stehule.com\/wp-content\/uploads\/2017\/09\/mapa-300x251.jpg 300w\" sizes=\"auto, (max-width: 620px) 100vw, 620px\" \/><figcaption id=\"caption-attachment-1342\" class=\"wp-caption-text\">P\u0159edpokl\u00e1dan\u00e1 trasa plavby.<\/figcaption><\/figure>\n<p><span style=\"font-family: arial, helvetica, sans-serif; font-size: 16px;\"><span style=\"font-weight: 400;\">Kelty dokumentovala svoji cestu na Facebooku, a jedna z&nbsp;posledn\u00edch zpr\u00e1v byla: &#8220;<\/span><b><i>Cht\u011bj\u00ed mi ukr\u00e1st lo\u010f a m\u011b zabijou, to je skv\u011bl\u00e9!<\/i><\/b><span style=\"font-weight: 400;\">\u201d napsala v&nbsp;jednom p\u0159\u00edsp\u011bvku.<\/span><\/span><\/p>\n<figure id=\"attachment_1340\" aria-describedby=\"caption-attachment-1340\" style=\"width: 512px\" class=\"wp-caption aligncenter\"><img loading=\"lazy\" decoding=\"async\" class=\"wp-image-1340 size-full\" src=\"https:\/\/tom-stehule.com\/wp-content\/uploads\/2017\/09\/emma.jpg\" alt=\"\" width=\"512\" height=\"248\" srcset=\"https:\/\/tom-stehule.com\/wp-content\/uploads\/2017\/09\/emma.jpg 512w, https:\/\/tom-stehule.com\/wp-content\/uploads\/2017\/09\/emma-300x145.jpg 300w\" sizes=\"auto, (max-width: 512px) 100vw, 512px\" \/><figcaption id=\"caption-attachment-1340\" class=\"wp-caption-text\"><span style=\"font-family: arial, helvetica, sans-serif; font-size: 14px;\">Zdroj: Facebook Keltyov\u00e9.<\/span><\/figcaption><\/figure>\n<p><span style=\"font-family: arial, helvetica, sans-serif; font-size: 16px;\"><span style=\"font-weight: 400;\">Po jej\u00edm zve\u0159ejn\u011bn\u00ed, dne 10.&nbsp;z\u00e1\u0159\u00ed 2017 napsala dal\u0161\u00ed, uklid\u0148uj\u00edc\u00ed zpr\u00e1vu: &#8220;<\/span><b><i>Jsem mimo nebezpe\u010d\u00ed. V\u0161e ok<\/i><\/b><span style=\"font-weight: 400;\">\u201d Pak se Kelty, odhodlan\u00e1 dokon\u010dit cestu p\u0159es Amazonii a\u017e do Atlantiku, vydala d\u00e1l po proudu.<\/span><\/span><\/p>\n<figure id=\"attachment_1341\" aria-describedby=\"caption-attachment-1341\" style=\"width: 512px\" class=\"wp-caption aligncenter\"><img loading=\"lazy\" decoding=\"async\" class=\"wp-image-1341 size-full\" src=\"https:\/\/tom-stehule.com\/wp-content\/uploads\/2017\/09\/emma1.jpg\" alt=\"\" width=\"512\" height=\"207\" srcset=\"https:\/\/tom-stehule.com\/wp-content\/uploads\/2017\/09\/emma1.jpg 512w, https:\/\/tom-stehule.com\/wp-content\/uploads\/2017\/09\/emma1-300x121.jpg 300w\" sizes=\"auto, (max-width: 512px) 100vw, 512px\" \/><figcaption id=\"caption-attachment-1341\" class=\"wp-caption-text\"><span style=\"font-family: arial, helvetica, sans-serif; font-size: 14px;\">Zdroj: Facebook Keltyov\u00e9.<\/span><\/figcaption><\/figure>\n<p><span style=\"font-weight: 400; font-family: arial, helvetica, sans-serif; font-size: 16px;\">Ve sv\u00e9 posledn\u00ed zpr\u00e1v\u011b, zve\u0159ejn\u011bn\u00e9 13.&nbsp;z\u00e1\u0159\u00ed 2017, napsala, \u017ee se setkala se t\u0159emi &#8220;okouzluj\u00edc\u00edmi&#8221; vesni\u010dany, kte\u0159\u00ed p\u0159espali pobl\u00ed\u017e jej\u00edho stanu. Nicm\u00e9n\u011b, podle den\u00edku The Guardian, [2] o hodinu pozd\u011bji Kelty po\u017e\u00e1dala o pomoc.<\/span><\/p>\n<p><span style=\"font-weight: 400; font-family: arial, helvetica, sans-serif; font-size: 16px;\">Brazilsk\u00e9 \u00fa\u0159ady ozn\u00e1mily, \u017ee se k&nbsp;jej\u00edmu stanu p\u0159ibl\u00ed\u017eila skupina sedmi lid\u00ed, kter\u00e1 pob\u00fdvala na ostrov\u011b, pobl\u00ed\u017e brazilsk\u00e9ho m\u011bsta Lauro Sodr\u00e9. Tito lid\u00e9 j\u00ed ukradli osobn\u00ed v\u011bci a dvakr\u00e1t po n\u00ed vyst\u0159elili z&nbsp;brokovnice. Pak se zbavili t\u011bla t\u00edm, \u017ee ho hodili do \u0159eky. Policie zatkla t\u0159i lidi a hled\u00e1 ostatn\u00ed. Sedmn\u00e1ctilet\u00fd chlapec, kter\u00fd byl zat\u010den, p\u0159iznal \u00fa\u0159ad\u016fm, \u017ee Kelty okradli a n\u00e1sledn\u011b ji zavra\u017edili.<\/span><\/p>\n<p><span style=\"font-weight: 400; font-family: arial, helvetica, sans-serif; font-size: 16px;\">M\u016f\u017ee to b\u00fdt d\u011bsn\u011b \u201ccool\u201d, vyrazit si sami do amazonsk\u00e9 d\u017eungle. Chcete-li za\u017e\u00edt dobrodru\u017estv\u00ed a nav\u00edc solo, bez zku\u0161enosti, je to prakticky sebevra\u017eda.\u00a0<\/span><span style=\"font-weight: 400; font-family: arial, helvetica, sans-serif; font-size: 16px;\">Jsou zn\u00e1my p\u0159\u00edpady samostatn\u00fdch cestovatel\u016f, kte\u0159\u00ed jezdili sami po sv\u011bt\u011b a v&nbsp;Mexiku se dostali do sp\u00e1r\u016f kartelu Sinaloa, [3] kde byli okradeni a brut\u00e1ln\u011b zml\u00e1ceni. To je je\u0161t\u011b ta lep\u0161\u00ed varianta. Sta\u010d\u00ed m\u00e1lo, \u0161patn\u011b se proj\u00edt po n\u011bjak\u00e9 ulici, nechat se vyprovokovat a kon\u010d\u00edte. <\/span><\/p>\n<p><span style=\"font-weight: 400; font-family: arial, helvetica, sans-serif; font-size: 16px;\">V p\u0159\u00edpad\u011b t\u00e9to \u017eeny, kter\u00e1 sama cestovala do srdce Amazonie, je to lidsk\u00fd hazard. Nejde jen o nebezpe\u010d\u00ed ze strany fauny a fl\u00f3ry, nebo n\u011bkter\u00fdch indi\u00e1nsk\u00fdch kmen\u016f, ale v&nbsp;Amazonii existuje nebezpe\u010d\u00ed i ze strany drogov\u00fdch kartel\u016f, ileg\u00e1ln\u00edch hleda\u010d\u016f zlata a dal\u0161\u00edch band, kter\u00e9 se v&nbsp;divo\u010din\u011b neust\u00e1le potuluj\u00ed. V\u00fdlety do d\u017eungle nelze nikdy br\u00e1t na lehkou v\u00e1hu a v\u017edy se \u00fa\u010dastnit v\u00fdletu za doprovodu zku\u0161en\u00fdch pr\u016fvodc\u016f.<\/span><\/p>\n<p><span style=\"font-weight: 400; font-family: arial, helvetica, sans-serif; font-size: 16px;\">Zdroje:<\/span><\/p>\n<p><span style=\"font-family: arial, helvetica, sans-serif; font-size: 16px;\"><span style=\"font-weight: 400;\">[1] Kelty, E.. Facebook. Online: <\/span><a href=\"https:\/\/www.facebook.com\/emmatamsinkelty1?fref=ts\"><span style=\"font-weight: 400;\">https:\/\/www.facebook.com\/emmatamsinkelty1?fref=ts<br \/>\n<\/span><\/a><\/span><span style=\"font-family: arial, helvetica, sans-serif; font-size: 16px;\"><span style=\"font-weight: 400;\">[2] Slawson, N.: &#8216;I will have my boat stolen&#8217;: final days of British kayaker killed in Brazil. 20.09.2017. Online: <\/span><a href=\"https:\/\/www.theguardian.com\/world\/2017\/sep\/20\/emma-kelty-british-kayaker-brazil\"><span style=\"font-weight: 400;\">https:\/\/www.theguardian.com\/world\/2017\/sep\/20\/emma-kelty-british-kayaker-brazil<br \/>\n<\/span><\/a><\/span><span style=\"font-family: arial, helvetica, sans-serif; font-size: 16px;\"><span style=\"font-weight: 400;\">[3] Sinaloa (kartel). Wikipedia. Online: <\/span><a href=\"https:\/\/cs.wikipedia.org\/wiki\/Sinaloa_(kartel)\"><span style=\"font-weight: 400;\">https:\/\/cs.wikipedia.org\/wiki\/Sinaloa_(kartel)<\/span><\/a> <\/span><\/p>\n","protected":false},"excerpt":{"rendered":"<p>Britsk\u00e1 kajak\u00e1\u0159ka Emma Kelty, kter\u00e1 se vydala sama na kajaku doprost\u0159ed Amazonie byla nalezena mrtv\u00e1 v&nbsp;Braz\u00edlii. Je\u0161t\u011b p\u0159edt\u00edm stihla prost\u0159ednictv\u00edm<\/p>\n","protected":false},"author":1,"featured_media":1345,"comment_status":"open","ping_status":"open","sticky":false,"template":"","format":"standard","meta":{"colormag_page_container_layout":"default_layout","colormag_page_sidebar_layout":"default_layout","_crdt_document":"","_exactmetrics_skip_tracking":false,"_exactmetrics_sitenote_active":false,"_exactmetrics_sitenote_note":"","_exactmetrics_sitenote_category":0,"__cvm_playback_settings":[],"__cvm_video_id":"","footnotes":""},"categories":[23],"tags":[31,70,5],"class_list":["post-1339","post","type-post","status-publish","format-standard","has-post-thumbnail","hentry","category-cestovani","tag-amazonie","tag-brazilie","tag-jizni-amerika"],"translation":{"provider":"WPGlobus","version":"3.0.2","language":"es","enabled_languages":["cz","es"],"languages":{"cz":{"title":true,"content":true,"excerpt":false},"es":{"title":false,"content":false,"excerpt":false}}},"_links":{"self":[{"href":"https:\/\/tom-stehule.com\/es\/wp-json\/wp\/v2\/posts\/1339","targetHints":{"allow":["GET"]}}],"collection":[{"href":"https:\/\/tom-stehule.com\/es\/wp-json\/wp\/v2\/posts"}],"about":[{"href":"https:\/\/tom-stehule.com\/es\/wp-json\/wp\/v2\/types\/post"}],"author":[{"embeddable":true,"href":"https:\/\/tom-stehule.com\/es\/wp-json\/wp\/v2\/users\/1"}],"replies":[{"embeddable":true,"href":"https:\/\/tom-stehule.com\/es\/wp-json\/wp\/v2\/comments?post=1339"}],"version-history":[{"count":4,"href":"https:\/\/tom-stehule.com\/es\/wp-json\/wp\/v2\/posts\/1339\/revisions"}],"predecessor-version":[{"id":1359,"href":"https:\/\/tom-stehule.com\/es\/wp-json\/wp\/v2\/posts\/1339\/revisions\/1359"}],"wp:featuredmedia":[{"embeddable":true,"href":"https:\/\/tom-stehule.com\/es\/wp-json\/wp\/v2\/media\/1345"}],"wp:attachment":[{"href":"https:\/\/tom-stehule.com\/es\/wp-json\/wp\/v2\/media?parent=1339"}],"wp:term":[{"taxonomy":"category","embeddable":true,"href":"https:\/\/tom-stehule.com\/es\/wp-json\/wp\/v2\/categories?post=1339"},{"taxonomy":"post_tag","embeddable":true,"href":"https:\/\/tom-stehule.com\/es\/wp-json\/wp\/v2\/tags?post=1339"}],"curies":[{"name":"wp","href":"https:\/\/api.w.org\/{rel}","templated":true}]}}