{"id":3152,"date":"2020-01-25T00:10:00","date_gmt":"2020-01-24T23:10:00","guid":{"rendered":"http:\/\/tom-stehule.com\/?p=3152"},"modified":"2020-01-25T20:41:00","modified_gmt":"2020-01-25T19:41:00","slug":"zobrazuje-kamenny-blok-prehistorickeho-kosmonauta","status":"publish","type":"post","link":"https:\/\/tom-stehule.com\/es\/2020\/01\/25\/zobrazuje-kamenny-blok-prehistorickeho-kosmonauta\/","title":{"rendered":"Zobrazuje kamenn\u00fd blok prehistorick\u00e9ho kosmonauta?"},"content":{"rendered":"\n<p class=\"wp-block-paragraph\" style=\"font-size:17px\"><b>Ned\u00e1vno mi od \u010dten\u00e1\u0159e p\u0159i\u0161el e-mail s&nbsp;obr\u00e1zkem a jednoduch\u00fdm textem: Kr\u00e1l Pacal m\u00e1 kolegu. Na fotografii byl kamenn\u00fd blok, reprezentuj\u00edc\u00ed star\u00fd reli\u00e9f, nalezen\u00fd v&nbsp;mexick\u00e9 archeologick\u00e9 lokalit\u011b La Venta, kdysi pat\u0159\u00edc\u00ed prastar\u00e9 Olm\u00e9ck\u00e9 civilizaci. Blok nese n\u00e1zev Monument 19. Podle n\u011bkter\u00fdch n\u00e1zor\u016f nad\u0161enc\u016f prastar\u00e9 astronautiky, je v&nbsp;kameni zobrazena sed\u00edc\u00ed osoba s&nbsp;p\u0159ilbou v&nbsp;p\u0159edm\u011btu velmi p\u0159ipom\u00ednaj\u00edc\u00edm stroj kr\u00e1le Pacala, jen s&nbsp;rozd\u00edlem, \u017ee zde je stylizovan\u00fd jako pernat\u00fd had.&nbsp;<\/b><\/p>\n\n\n\n<p class=\"wp-block-paragraph\"><span style=\"font-weight: 400;\">Jde o mu\u017ee v&nbsp;letadle? Pilota v&nbsp;kokpitu l\u00e9taj\u00edc\u00edho stroje? Z&nbsp;reli\u00e9fu je nav\u00edc patrn\u00e9, \u017ee osoba dr\u017e\u00ed malou \u201cta\u0161ku\u201d, jakou m\u016f\u017eeme vid\u011bt na n\u011bkolika mezopot\u00e1msk\u00fdch reli\u00e9fech od&nbsp; star\u00fdch Sumer\u016f. Z&nbsp;hlediska ikonografie, rozhodn\u011b zaj\u00edmav\u00e9\u2026&nbsp;<\/span><\/p>\n\n\n\n<div class=\"wp-block-image\"><figure class=\"aligncenter is-resized\"><img loading=\"lazy\" decoding=\"async\" src=\"https:\/\/tom-stehule.com\/wp-content\/uploads\/2020\/01\/1054028533_1-1.jpg\" alt=\"\" class=\"wp-image-3160\" width=\"564\" height=\"595\" srcset=\"https:\/\/tom-stehule.com\/wp-content\/uploads\/2020\/01\/1054028533_1-1.jpg 474w, https:\/\/tom-stehule.com\/wp-content\/uploads\/2020\/01\/1054028533_1-1-284x300.jpg 284w\" sizes=\"auto, (max-width: 564px) 100vw, 564px\" \/><figcaption>Obr. 1 Monument 19. Archeologick\u00e9 nalezi\u0161t\u011b La Venta. Zdroj [5].<\/figcaption><\/figure><\/div>\n\n\n\n<div class=\"wp-block-group\"><div class=\"wp-block-group__inner-container is-layout-flow wp-block-group-is-layout-flow\">\n<div class=\"wp-block-group\"><div class=\"wp-block-group__inner-container is-layout-flow wp-block-group-is-layout-flow\">\n<figure class=\"wp-block-gallery columns-2 is-cropped wp-block-gallery-1 is-layout-flex wp-block-gallery-is-layout-flex\"><ul class=\"blocks-gallery-grid\"><li class=\"blocks-gallery-item\"><figure><img loading=\"lazy\" decoding=\"async\" width=\"353\" height=\"270\" src=\"https:\/\/tom-stehule.com\/wp-content\/uploads\/2020\/01\/nimrud.jpg\" alt=\"\" data-id=\"3162\" class=\"wp-image-3162\" srcset=\"https:\/\/tom-stehule.com\/wp-content\/uploads\/2020\/01\/nimrud.jpg 353w, https:\/\/tom-stehule.com\/wp-content\/uploads\/2020\/01\/nimrud-300x229.jpg 300w\" sizes=\"auto, (max-width: 353px) 100vw, 353px\" \/><figcaption class=\"blocks-gallery-item__caption\">Obr 2.<\/figcaption><\/figure><\/li><li class=\"blocks-gallery-item\"><figure><img loading=\"lazy\" decoding=\"async\" width=\"288\" height=\"360\" src=\"https:\/\/tom-stehule.com\/wp-content\/uploads\/2020\/01\/nimrud3.jpg\" alt=\"\" data-id=\"3164\" data-full-url=\"https:\/\/tom-stehule.com\/wp-content\/uploads\/2020\/01\/nimrud3.jpg\" data-link=\"https:\/\/tom-stehule.com\/?attachment_id=3164\" class=\"wp-image-3164\" srcset=\"https:\/\/tom-stehule.com\/wp-content\/uploads\/2020\/01\/nimrud3.jpg 288w, https:\/\/tom-stehule.com\/wp-content\/uploads\/2020\/01\/nimrud3-240x300.jpg 240w\" sizes=\"auto, (max-width: 288px) 100vw, 288px\" \/><figcaption class=\"blocks-gallery-item__caption\">Obr. 3<\/figcaption><\/figure><\/li><\/ul><figcaption class=\"blocks-gallery-caption\">Podobn\u00e9 symboly &#8220;ta\u0161ek&#8221; se objevuj\u00ed tak\u00e9 v&nbsp;n\u011bkolika mezopot\u00e1msk\u00fdch reli\u00e9fech m\u011bsta Nimr\u00fad. <br>Foto: internet.<\/figcaption><\/figure>\n<\/div><\/div>\n<\/div><\/div>\n\n\n\n<p class=\"wp-block-paragraph\"><\/p>\n\n\n\n<p class=\"wp-block-paragraph\"><span style=\"font-weight: 400;\">N\u011bmeck\u00fd v\u00fdtvarn\u00edk <\/span><b>Andreas Wei\u00df <\/b><span style=\"font-weight: 400;\">navrhl, jak by mohl takov\u00fd objekt ve skute\u010dnosti vypadat. Mohla to b\u00fdt z\u00e1chrann\u00e1 kapsle boh\u016f? P\u0159ist\u00e1vac\u00ed modul mezi vesm\u00edrnou lod\u00ed a Zem\u00ed? Autor se domn\u00edv\u00e1, <\/span><i><span style=\"font-weight: 400;\">\u201c\u017ee symboly na reli\u00e9fu p\u0159edstavuj\u00ed technick\u00e1 za\u0159\u00edzen\u00ed, kter\u00e9 um\u00edme de\u0161ifrovat jen my, s&nbsp;pokro\u010dil\u00fdmi technick\u00fdmi znalostmi:<\/span><\/i> <i><span style=\"font-weight: 400;\">\u201eJak se tomu v&nbsp;archeologii \u010dasto d\u011bje, na prvn\u00ed pohled hned neobjev\u00edte zjevn\u00e9 v\u011bci, pokud je va\u0161e vlastn\u00ed mysl omezena specifick\u00fdm vzorem my\u0161len\u00ed. Archeologov\u00e9 nap\u0159\u00edklad vysv\u011btlili reli\u00e9f na monumentu 19 jako \u201cmu\u017ee v&nbsp;tlam\u011b dravce\u201d. Pouze s&nbsp;pokro\u010dilej\u0161\u00edmi technick\u00fdmi znalostmi m\u016f\u017eete vid\u011bt v\u00fdznam symbol\u016f kamenn\u00e9ho reli\u00e9fu.\u201d&nbsp;<\/span><\/i><\/p>\n\n\n\n<div class=\"wp-block-image\"><figure class=\"aligncenter size-large is-resized\"><img loading=\"lazy\" decoding=\"async\" src=\"https:\/\/tom-stehule.com\/wp-content\/uploads\/2020\/01\/1054028533_1_maska.jpg\" alt=\"\" class=\"wp-image-3168\" width=\"237\" height=\"223\"\/><figcaption>Obr.4: Detail hlavy v&nbsp;&#8220;masce&#8221;. Monument 19.  Foto: internet<\/figcaption><\/figure><\/div>\n\n\n\n<p class=\"wp-block-paragraph\"><span style=\"font-weight: 400;\">Lid\u00e9 v&nbsp;dob\u011b kamenn\u00e9 pr\u00fd byli ve stejn\u00e9 situaci, kdy\u017e cht\u011bli reprezentovat vesm\u00edrnou technologii. Nem\u011bli k&nbsp;jej\u00edmu popisu pot\u0159ebn\u00e9 znalosti. Jak tedy jinak by um\u011blci Olm\u00e9k\u016f m\u011bli p\u0159edstavit objekt, kter\u00fd mohl b\u00fdt vybaven stabiliz\u00e1tory, gravita\u010dn\u00ed technologi\u00ed, nouzov\u00fdmi pad\u00e1ky, bateriemi, obrazovkou, holoprojektory, vstupn\u00ed p\u0159ep\u00e1\u017ekou, motory atd.? Mo\u017en\u00e1 pr\u00e1v\u011b tak, jako&nbsp; na slavn\u00e9m reli\u00e9fu poh\u0159ebn\u00ed desky kr\u00e1le Pacala nebo na monumentu 19 v&nbsp;La Venta?<\/span><\/p>\n\n\n\n<p class=\"wp-block-paragraph\"><span style=\"font-weight: 400;\">Americk\u00fd antropolog <\/span><b>David Grove,<\/b><span style=\"font-weight: 400;\">[1] kter\u00fd vedl vykop\u00e1vky na m\u00edst\u011b od roku 1972, odhaduje, \u017ee had by pr\u00fd mohl &#8211; trochu paradoxn\u011b &#8211; vyjad\u0159ovat p\u0159edm\u011bt, ur\u010den\u00fd k&nbsp;letu. Had se zna\u010dkou X, je dle symboliky Olm\u00e9k\u016f ok\u0159\u00eddlen\u00fd had.&nbsp;<\/span><\/p>\n\n\n\n<figure class=\"wp-block-image size-large\"><img loading=\"lazy\" decoding=\"async\" width=\"684\" height=\"911\" src=\"https:\/\/tom-stehule.com\/wp-content\/uploads\/2020\/01\/prehistoricky_modul.jpg\" alt=\"\" class=\"wp-image-3151\" srcset=\"https:\/\/tom-stehule.com\/wp-content\/uploads\/2020\/01\/prehistoricky_modul.jpg 684w, https:\/\/tom-stehule.com\/wp-content\/uploads\/2020\/01\/prehistoricky_modul-225x300.jpg 225w\" sizes=\"auto, (max-width: 684px) 100vw, 684px\" \/><figcaption>Obr. 5: Model p\u0159ist\u00e1vac\u00edho modulu Andrease Wei\u00dfe. Zdroj: Sagenhafte Zeiten<\/figcaption><\/figure>\n\n\n\n<p class=\"wp-block-paragraph\"><span style=\"font-weight: 400;\">Ale pro\u010d by m\u011blo b\u00fdt \u201epozemsk\u00e9 monstrum\u201c schopn\u00e9 l\u00e9tat?<\/span> <span style=\"font-weight: 400;\">V roce 1968 <\/span><b>Michael Coc<\/b><span style=\"font-weight: 400;\"> interpretoval n\u011bco podobn\u00e9ho.[2] P\u0159em\u00fd\u0161lel, zda by zna\u010dka X mohla b\u00fdt symbolem k\u0159\u00eddel.[3]<\/span><\/p>\n\n\n\n<p class=\"wp-block-paragraph\"><span style=\"font-weight: 400;\">Pod\u00edvejme se je\u0161t\u011b na z\u00e1le\u017eitost reli\u00e9fu z&nbsp;pohledu nad\u0161enc\u016f sm\u011bru \u201cpaleo SETI.\u201d Tento n\u00e1zev vytvo\u0159il rusk\u00fd in\u017een\u00fdr geologie Dr. <\/span><b>Vladimir Avinskij <\/b><span style=\"font-weight: 400;\">v roce 1989. Paleo-SETI je term\u00edn, kter\u00fd v&nbsp;sob\u011b zahrnuje teorii, \u017ee v&nbsp;d\u00e1vn\u00e9 historii planetu Zemi nav\u0161t\u00edvily mimozemsk\u00e9 rasy, a\u0165 u\u017e v&nbsp;jak\u00e9koliv form\u011b, a ovlivnily v\u00fdvoj na\u0161\u00ed civilizace.[4]&nbsp;<\/span><\/p>\n\n\n\n<p class=\"wp-block-paragraph\"><span style=\"font-weight: 400;\">\u0158ada t\u011bchto badatel\u016f se pt\u00e1, pro\u010d by zobrazen\u00e9 znaky m\u011bly p\u0159edstavovat symboly de\u0161t\u011b, plodnosti, nebo jin\u00e9 klasick\u00e9 vysv\u011btlen\u00ed konven\u010dn\u00ed archeologie? Co kdy\u017e se jednalo o z\u00e1chrann\u00fd modul s&nbsp;pos\u00e1dkou, a vyobrazen\u00e1 osoba nem\u00e1 \u010delenku, ale je to ve skute\u010dnosti helma? P\u0159ed nosem a bradou t\u00e9to osoby je vystoupl\u00e1 \u201eozdoba\u201c a \u201en\u011bco\u201c, co vych\u00e1z\u00ed z&nbsp;\u00fast ven.&nbsp;<\/span><\/p>\n\n\n\n<p class=\"wp-block-paragraph\"><span style=\"font-weight: 400;\">Tento typick\u00fd d\u00fdchac\u00ed symbol je od po\u010d\u00e1tku sou\u010d\u00e1st\u00ed z\u00e1kladn\u00edho vybaven\u00ed v\u0161ech figurek s&nbsp;helmou v&nbsp;ikonografii Olm\u00e9k\u016f. P\u0159ijali ho pozd\u011bji Mayov\u00e9, Mixt\u00e9kov\u00e9 i Azt\u00e9kov\u00e9. V\u017edy byl zobrazen p\u0159ed \u00fasty jejich \u201eNebesk\u00fdch p\u00e1n\u016f\u201c a \u201eBoh\u016f\u201c. Dokonce ani reli\u00e9f astronauta, zn\u00e1m\u00e9ho jako El Baul z&nbsp;Guatemaly, kter\u00fd byl vytvo\u0159en mnohem pozd\u011bji, ne\u017e deska kr\u00e1le Pacala, nebyl bez vzduchov\u00e9 masky. EI Baul m\u00e1 tak\u00e9 kolem krku \u201chada\u201d, kter\u00fd se d\u00e1 interpretovat jako p\u0159\u00edvod vzduchu do helmy.<\/span><span style=\"font-weight: 400;\">&nbsp;<\/span><\/p>\n\n\n\n<p class=\"wp-block-paragraph\"><span style=\"font-weight: 400;\">V jin\u00e9 archeologick\u00e9 lokalit\u011b &#8211; Chalcatzingo je z&nbsp;pohledu paleo SETI k&nbsp;vid\u011bn\u00ed mnoho dal\u0161\u00edch reli\u00e9f\u016f a n\u00e1lez\u016f, kter\u00e9 pr\u00fd je\u0161t\u011b v\u00edce napom\u00e1haj\u00ed interpretaci teorie \u201cl\u00e9taj\u00edc\u00edch Olm\u00e9k\u016f\u201d. Mohlo by to ukazovat na to, \u017ee cel\u00e1 lokalita byla zasazena do d\u011bj\u016f na obloze &#8211; jin\u00fdmi slovy, do vzdu\u0161n\u00e9ho prostoru, tvrd\u00ed tito badatel\u00e9. N\u00e1lezy jsou zaj\u00edmav\u00e9, a pravda &#8211; pokud porovn\u00e1te pam\u00e1tky a ikonografii Chalcatzinga s&nbsp;n\u00e1lezy v&nbsp;La Venta, budete se mo\u017en\u00e1 p\u0159em\u00e1hat, abyste neuznali, \u017ee n\u011bkter\u00e9 v\u011bci jsou zde jen st\u011b\u017e\u00ed logicky vysv\u011btliteln\u00e9.<\/span><\/p>\n\n\n\n<p class=\"wp-block-paragraph\"><span style=\"font-weight: 400;\">&nbsp;<\/span><\/p>\n\n\n\n<figure class=\"wp-block-image\"><img loading=\"lazy\" decoding=\"async\" width=\"581\" height=\"348\" src=\"https:\/\/tom-stehule.com\/wp-content\/uploads\/2020\/01\/arton26251_ex.jpg\" alt=\"\" class=\"wp-image-3167\" srcset=\"https:\/\/tom-stehule.com\/wp-content\/uploads\/2020\/01\/arton26251_ex.jpg 581w, https:\/\/tom-stehule.com\/wp-content\/uploads\/2020\/01\/arton26251_ex-300x180.jpg 300w\" sizes=\"auto, (max-width: 581px) 100vw, 581px\" \/><figcaption>Obr. 6: N\u00e1hrobn\u00ed deska maysk\u00e9ho kr\u00e1le Pakala. zdroj: [internet]<\/figcaption><\/figure>\n\n\n\n<p class=\"wp-block-paragraph\"><span style=\"font-weight: 400;\">Podobnou rekonstrukci provedl v&nbsp;roce 2011 <\/span><b>Paul Francis<\/b><span style=\"font-weight: 400;\">, v\u00fdtvarn\u00edk, kter\u00fd rekonstruoval slavnou n\u00e1hrobn\u00ed desku vl\u00e1dce Pakala do trojrozm\u011brn\u00e9ho modelu kosmick\u00e9 lodi. (viz. obr. 7)<\/span><\/p>\n\n\n\n<div class=\"wp-block-image\"><figure class=\"aligncenter size-large is-resized\"><img loading=\"lazy\" decoding=\"async\" src=\"https:\/\/tom-stehule.com\/wp-content\/uploads\/2020\/01\/466385_2636315882236_119532277_o_ex.jpg\" alt=\"\" class=\"wp-image-3166\" width=\"393\" height=\"706\" srcset=\"https:\/\/tom-stehule.com\/wp-content\/uploads\/2020\/01\/466385_2636315882236_119532277_o_ex.jpg 535w, https:\/\/tom-stehule.com\/wp-content\/uploads\/2020\/01\/466385_2636315882236_119532277_o_ex-167x300.jpg 167w\" sizes=\"auto, (max-width: 393px) 100vw, 393px\" \/><figcaption>Obr. 7: Rekonstrukce slavn\u00e9 n\u00e1hrobn\u00ed desky vl\u00e1dce Pakala do trojrozm\u011brn\u00e9ho modelu kosmick\u00e9 lodi. Foto: internet<\/figcaption><\/figure><\/div>\n\n\n\n<p class=\"wp-block-paragraph\">Pozn. autora: Osobn\u011b stoj\u00edm nohama na zemi a i kdy\u017e jsou v\u0161echny tyto teorie velmi l\u00e1kav\u00e9, zku\u0161enosti z&nbsp;ter\u00e9nu mi daly za pravdu, \u017ee \u0159ada takov\u00fdch zpr\u00e1v, jsou jen nafouknut\u00e9 senzace, kter\u00e9 vych\u00e1zej\u00ed z&nbsp;neznalosti podrobnost\u00ed a kter\u00fdch se chytaj\u00ed dal\u0161\u00ed lovci senzac\u00ed, hledaj\u00edc\u00ed snadnou popularitu a pen\u00edze.<\/p>\n\n\n\n<p class=\"wp-block-paragraph\"><span style=\"font-weight: 400;\">&nbsp;Zdroje:<\/span><\/p>\n\n\n\n<p class=\"wp-block-paragraph\"><span style=\"font-weight: 400;\">[1] David Grove. Wikipedia. Online: <\/span><a rel=\"noreferrer noopener\" aria-label=\" (opens in a new tab)\" href=\"https:\/\/en.wikipedia.org\/wiki\/David_Grove\" target=\"_blank\"><span style=\"font-weight: 400;\">https:\/\/en.wikipedia.org\/wiki\/David_Grove<\/span><\/a><br><span style=\"font-weight: 400;\">[2] Michael D. Coe. Wikipedia. Online: <\/span><a rel=\"noreferrer noopener\" aria-label=\" (opens in a new tab)\" href=\"https:\/\/en.wikipedia.org\/wiki\/Michael_D._Coe\" target=\"_blank\"><span style=\"font-weight: 400;\">https:\/\/en.wikipedia.org\/wiki\/Michael_D._Coe<\/span><\/a><br><span style=\"font-weight: 400;\">[3] Joralemon, P.: A Study Of Olmec Iconography || A Study Of Olmec Iconography. <\/span><a rel=\"noreferrer noopener\" aria-label=\" (opens in a new tab)\" href=\"https:\/\/vdocuments.site\/a-study-of-olmec-iconography-a-study-of-olmec-iconography.html\" target=\"_blank\"><span style=\"font-weight: 400;\">https:\/\/vdocuments.site\/a-study-of-olmec-iconography-a-study-of-olmec-iconography.html<\/span><\/a><br><span style=\"font-weight: 400;\">[4] V&nbsp;\u010cR se l\u00e9pe ujal n\u00e1zev paleoastronautika nebo archeoastronautika. V\u00edce viz. \u010csAAA. Online: <\/span><a rel=\"noreferrer noopener\" aria-label=\"http:\/\/www.csaaa.eu  (opens in a new tab)\" href=\"http:\/\/www.csaaa.eu\" target=\"_blank\"><span style=\"font-weight: 400;\">http:\/\/www.csaaa.eu<\/span> <\/a><br>[5] La venta. Wikipedia. Online: <a rel=\"noreferrer noopener\" aria-label=\"https:\/\/en.wikipedia.org\/wiki\/La_Venta  (opens in a new tab)\" href=\"https:\/\/en.wikipedia.org\/wiki\/La_Venta\" target=\"_blank\">https:\/\/en.wikipedia.org\/wiki\/La_Venta <\/a><\/p>\n","protected":false},"excerpt":{"rendered":"<p>Ned\u00e1vno mi od \u010dten\u00e1\u0159e p\u0159i\u0161el e-mail s&nbsp;obr\u00e1zkem a jednoduch\u00fdm textem: Kr\u00e1l Pacal m\u00e1 kolegu. Na fotografii byl kamenn\u00fd blok, reprezentuj\u00edc\u00ed star\u00fd reli\u00e9f, nalezen\u00fd v&nbsp;mexick\u00e9 archeologick\u00e9 lokalit\u011b La Venta, kdysi pat\u0159\u00edc\u00ed prastar\u00e9 Olm\u00e9ck\u00e9 civilizaci. Blok nese n\u00e1zev Monument 19. <\/p>\n","protected":false},"author":1,"featured_media":3170,"comment_status":"open","ping_status":"open","sticky":false,"template":"","format":"standard","meta":{"colormag_page_container_layout":"default_layout","colormag_page_sidebar_layout":"default_layout","_crdt_document":"","_exactmetrics_skip_tracking":false,"_exactmetrics_sitenote_active":false,"_exactmetrics_sitenote_note":"","_exactmetrics_sitenote_category":0,"__cvm_playback_settings":[],"__cvm_video_id":"","footnotes":""},"categories":[32],"tags":[155,5,49,154],"class_list":["post-3152","post","type-post","status-publish","format-standard","has-post-thumbnail","hentry","category-zahady","tag-archeoastronautika","tag-jizni-amerika","tag-mexiko","tag-olmekove"],"translation":{"provider":"WPGlobus","version":"3.0.2","language":"es","enabled_languages":["cz","es"],"languages":{"cz":{"title":true,"content":true,"excerpt":true},"es":{"title":false,"content":false,"excerpt":false}}},"_links":{"self":[{"href":"https:\/\/tom-stehule.com\/es\/wp-json\/wp\/v2\/posts\/3152","targetHints":{"allow":["GET"]}}],"collection":[{"href":"https:\/\/tom-stehule.com\/es\/wp-json\/wp\/v2\/posts"}],"about":[{"href":"https:\/\/tom-stehule.com\/es\/wp-json\/wp\/v2\/types\/post"}],"author":[{"embeddable":true,"href":"https:\/\/tom-stehule.com\/es\/wp-json\/wp\/v2\/users\/1"}],"replies":[{"embeddable":true,"href":"https:\/\/tom-stehule.com\/es\/wp-json\/wp\/v2\/comments?post=3152"}],"version-history":[{"count":19,"href":"https:\/\/tom-stehule.com\/es\/wp-json\/wp\/v2\/posts\/3152\/revisions"}],"predecessor-version":[{"id":3182,"href":"https:\/\/tom-stehule.com\/es\/wp-json\/wp\/v2\/posts\/3152\/revisions\/3182"}],"wp:featuredmedia":[{"embeddable":true,"href":"https:\/\/tom-stehule.com\/es\/wp-json\/wp\/v2\/media\/3170"}],"wp:attachment":[{"href":"https:\/\/tom-stehule.com\/es\/wp-json\/wp\/v2\/media?parent=3152"}],"wp:term":[{"taxonomy":"category","embeddable":true,"href":"https:\/\/tom-stehule.com\/es\/wp-json\/wp\/v2\/categories?post=3152"},{"taxonomy":"post_tag","embeddable":true,"href":"https:\/\/tom-stehule.com\/es\/wp-json\/wp\/v2\/tags?post=3152"}],"curies":[{"name":"wp","href":"https:\/\/api.w.org\/{rel}","templated":true}]}}