{"id":3314,"date":"2020-07-18T00:10:00","date_gmt":"2020-07-17T22:10:00","guid":{"rendered":"http:\/\/tom-stehule.com\/?p=3314"},"modified":"2020-07-15T21:45:45","modified_gmt":"2020-07-15T19:45:45","slug":"zahada-kamenu-otce-nazaria","status":"publish","type":"post","link":"https:\/\/tom-stehule.com\/es\/2020\/07\/18\/zahada-kamenu-otce-nazaria\/","title":{"rendered":"Z\u00e1hada kamen\u016f otce Nazaria"},"content":{"rendered":"\n<p class=\"wp-block-paragraph\"><b>K um\u00edraj\u00edc\u00ed \u017een\u011b sp\u011bch\u00e1 kn\u011bz. Mus\u00ed sp\u011bchat &#8211; v\u017edy\u0165 nelze dopustit, aby zbo\u017en\u00e1 \u017eena opustila tento sv\u011bt bez duchovn\u00ed \u00fat\u011bchy a posledn\u00edho pomaz\u00e1n\u00ed p\u0159ed skonem. Kone\u010dn\u011b je u nemocn\u00e9 star\u00e9 \u017eeny, j\u00ed\u017e zb\u00fdvaj\u00ed posledn\u00ed minuty \u017eivota. Kn\u011bz v&nbsp;rychlosti p\u0159iprav\u00ed v\u0161e na svatou zpov\u011b\u010f, a z&nbsp;bra\u0161ny vyndav\u00e1 posv\u00e1tn\u00fd olej. Skl\u00e1n\u00ed se nad um\u00edraj\u00edc\u00ed, aby vyslechl jej\u00ed posledn\u00ed slova, a sm\u00ed\u0159il ji s&nbsp;Bohem. \u017dena ho v\u0161ak p\u0159ekvap\u00ed &#8211; nam\u00edsto vysloven\u00ed sv\u00fdch h\u0159\u00edch\u016f, podle obvykl\u00e9 osnovy, p\u0159er\u00fdvan\u011b vypr\u00e1v\u00ed udiven\u00e9mu kn\u011bzi o jak\u00e9si indi\u00e1nsk\u00e9 kamenn\u00e9 knihovn\u011b, ukryt\u00e9 kdesi v&nbsp;horsk\u00e9 jeskyni\u2026&nbsp;<\/b><\/p>\n\n\n\n<p class=\"wp-block-paragraph\"><span style=\"font-weight: 400;\">To je pouze \u010d\u00e1st p\u0159\u00edb\u011bhu, kter\u00fd za\u010dal p\u0159ed 150 lety, a je doslova v\u011bdeckou detektivkou &#8211; a\u017e do dne\u0161n\u00edch dn\u00ed. Katolick\u00fd kn\u011bz <\/span><b>Jos\u00e9 Mar\u00eda Nazario <\/b><span style=\"font-weight: 400;\">se pot\u00e9 vydal do Had\u00edch hor pobl\u00ed\u017e m\u011bsta Yauco v&nbsp;Portoriku, a skute\u010dn\u011b podle slov um\u00edraj\u00edc\u00ed \u017eeny na\u0161el zmi\u0148ovan\u00e9 m\u00edsto. Pod zem\u00ed, ukryto pod b\u0159idlic\u00ed, se skr\u00fdval tunel s&nbsp;jeskyn\u00ed. Uvnit\u0159 byl Nazario ohromen n\u00e1lezem velk\u00e9ho mno\u017estv\u00ed artefakt\u016f s&nbsp;vyryt\u00fdmi znaky.<\/span><\/p>\n\n\n\n<p class=\"wp-block-paragraph\"><span style=\"font-weight: 400;\">Z\u00e1rove\u0148 kn\u011bze zaujala obrovsk\u00e1 obt\u00ed\u017enost, s&nbsp;jakou byly tyto p\u0159edm\u011bty do jeskyn\u011b poskl\u00e1d\u00e1ny, nebo\u0165 n\u011bkter\u00e9 v\u00e1\u017eily v\u00edce ne\u017e tunu. Rozhodl se, \u017ee v\u0161echny artefakty p\u0159est\u011bhuje, a proto si najal m\u00edstn\u00ed obyvatele, kte\u0159\u00ed mu kameny pomohli p\u0159esunout do jeho domu. Bylo jich \u00factyhodn\u00fdch 800 kus\u016f! <\/span><span style=\"font-weight: 400;\"><br><\/span><span style=\"font-weight: 400;\">Tam provedl prvotn\u00ed v\u00fdzkum, a porovnal kameny s&nbsp;podobn\u00fdmi objekty z&nbsp;jin\u00fdch zem\u00ed. Tato sb\u00edrka je dnes zn\u00e1m\u00e1 jako kameny otce Nazaria (\u0161pan\u011blsky: Piedras del Padre Nazario) nebo tak\u00e9 jako Ag\u00fceyban\u00e1sk\u00e1 knihovna (\u0161pan\u011blsky: Biblioteca de Ag\u00fceyban\u00e1).<\/span><\/p>\n\n\n\n<div class=\"wp-block-image\"><figure class=\"aligncenter size-large\"><img loading=\"lazy\" decoding=\"async\" width=\"363\" height=\"489\" src=\"https:\/\/tom-stehule.com\/wp-content\/uploads\/2020\/07\/Jos\u00e9_Mar\u00eda_Nazario_y_Cancel.jpg\" alt=\"\" class=\"wp-image-3373\" srcset=\"https:\/\/tom-stehule.com\/wp-content\/uploads\/2020\/07\/Jos\u00e9_Mar\u00eda_Nazario_y_Cancel.jpg 363w, https:\/\/tom-stehule.com\/wp-content\/uploads\/2020\/07\/Jos\u00e9_Mar\u00eda_Nazario_y_Cancel-223x300.jpg 223w\" sizes=\"auto, (max-width: 363px) 100vw, 363px\" \/><figcaption>Jos\u00e9 M. Nazario. Zdroj: internet<\/figcaption><\/figure><\/div>\n\n\n\n<p class=\"wp-block-paragraph\"><span style=\"font-weight: 400;\">Otec Nazario, kter\u00fd m\u011bl jist\u00e9 zku\u0161enosti se studiem starov\u011bk\u00fdch v\u011bd, vzhledem k&nbsp;jeho duchovn\u00edmu formov\u00e1n\u00ed na univerzit\u011b v&nbsp;Salamance, dosp\u011bl k&nbsp;z\u00e1v\u011bru, \u017ee tyto kameny obsahuj\u00ed star\u00e9 hebrejsk\u00e9 p\u00edsmo, a \u017ee se tedy pravd\u011bpodobn\u011b vztahovaly k&nbsp;deseti ztracen\u00fdm kmen\u016fm Izraele. Za\u010dal se tedy domn\u00edvat, \u017ee n\u011bkte\u0159\u00ed lid\u00e9 z&nbsp;kmen\u016f dorazili do Portorika, a nau\u010dili m\u00edstn\u00ed Indi\u00e1ny kmene Taino ps\u00e1t abecedu na kameny!&nbsp;<\/span><\/p>\n\n\n\n<p class=\"wp-block-paragraph\"><span style=\"font-weight: 400;\">Jen\u017ee tato interpretace se u\u017e tehdy nel\u00edbila mnoh\u00fdm badatel\u016fm, a kn\u011bz byl obvin\u011bn z&nbsp;fal\u0161ov\u00e1n\u00ed kamen\u016f. S\u00e1m zem\u0159el t\u00e9m\u011b\u0159 v&nbsp;zapomn\u011bn\u00ed v&nbsp;roce 1919, ani\u017e by rou\u0161ku tajemstv\u00ed poodhalil.&nbsp;<\/span><\/p>\n\n\n\n<p class=\"wp-block-paragraph\"><span style=\"font-weight: 400;\">Po smrti otce Nazaria byla v\u011bt\u0161ina kamen\u016f ulo\u017eena v&nbsp;Institutu Portorik\u00e1nsk\u00e9 kultury (ICP), dal\u0161\u00ed byly odesl\u00e1ny do zahrani\u010dn\u00edch instituc\u00ed v&nbsp;New Yorku, \u0160pan\u011blsku nebo Pa\u0159\u00ed\u017ee. B\u011bhem 80.&nbsp;let sb\u00edrka p\u0159il\u00e1kala historika jm\u00e9nem <\/span><b>Salvador T\u00edo<\/b><span style=\"font-weight: 400;\">, kter\u00fd se pokusil p\u0159esv\u011bd\u010dit r\u016fzn\u00e9 instituce k&nbsp;prostudov\u00e1n\u00ed artefakt\u016f. Vzhledem k&nbsp;tomu, \u017ee pravd\u011bpodobnost, \u017ee se n\u011bkdy z\u00e1hada p\u016fvodu kamen\u016f vy\u0159e\u0161\u00ed, se zd\u00e1la velmi n\u00edzk\u00e1, akademick\u00fd z\u00e1jem po n\u011bkolik desetilet\u00ed klesal, dokud je poprv\u00e9 v&nbsp;roce 2001 nespat\u0159il <\/span><b>Reniel Rodr\u00edguez Ramos<\/b><span style=\"font-weight: 400;\">, tehdy je\u0161t\u011b jako student.<\/span><\/p>\n\n\n\n<p class=\"wp-block-paragraph\"><span style=\"font-weight: 400;\">Ten si p\u0159i p\u0159\u00edle\u017eitosti 180.&nbsp;v\u00fdro\u010d\u00ed narozen\u00ed far\u00e1\u0159e Nazaria, u\u017e jako archeolog na portorik\u00e1nsk\u00e9 univerzit\u011b Utuado, znovu polo\u017eil z\u00e1sadn\u00ed ot\u00e1zku &#8211; poch\u00e1z\u00ed sb\u00edrka skute\u010dn\u011b z&nbsp;p\u0159edkolumbovsk\u00e9 epochy, a nebo se jedn\u00e1 o modern\u00ed pad\u011blek? Po sad\u011b anal\u00fdz a test\u016f dnes tvrd\u00ed, \u017ee sb\u00edrka enigmatick\u00fdch figurek, v\u011bnovan\u00fdch kn\u011bzi jeho um\u00edraj\u00edc\u00ed opatrovnic\u00ed v&nbsp;roce 1870, mohou b\u00fdt skute\u010dn\u011b artefakty nezn\u00e1m\u00e9 ztracen\u00e9 civilizace, kter\u00e1 mohla \u017e\u00edt v&nbsp;Portoriku t\u00e9m\u011b\u0159 a\u017e p\u0159ed 3000 lety!<\/span><\/p>\n\n\n\n<div class=\"wp-block-image\"><figure class=\"aligncenter size-large\"><img loading=\"lazy\" decoding=\"async\" width=\"800\" height=\"533\" src=\"https:\/\/tom-stehule.com\/wp-content\/uploads\/2020\/07\/foto-Del-mito-a-la-realidad-1_ex.jpg\" alt=\"\" class=\"wp-image-3374\" srcset=\"https:\/\/tom-stehule.com\/wp-content\/uploads\/2020\/07\/foto-Del-mito-a-la-realidad-1_ex.jpg 800w, https:\/\/tom-stehule.com\/wp-content\/uploads\/2020\/07\/foto-Del-mito-a-la-realidad-1_ex-300x200.jpg 300w, https:\/\/tom-stehule.com\/wp-content\/uploads\/2020\/07\/foto-Del-mito-a-la-realidad-1_ex-768x512.jpg 768w\" sizes=\"auto, (max-width: 800px) 100vw, 800px\" \/><figcaption><strong>Reniel Rodr\u00edguez Ramos<\/strong> se sv\u00fdmi kameny. Zdroj: internet.<\/figcaption><\/figure><\/div>\n\n\n\n<p class=\"wp-block-paragraph\"><span style=\"font-weight: 400;\">Nic takov\u00e9ho, jako t\u011bchto 800 figurek, nebylo v&nbsp;Americe, ani kdekoli jinde, nikdy nalezeno. So\u0161ky jsou v\u011bt\u0161inou antropomorfn\u00ed, a nesou n\u00e1pisy petroglyf\u016f, kter\u00e9 vypadaj\u00ed jako jak\u00e9koli zn\u00e1m\u00e9 syst\u00e9my psan\u00ed, v\u010detn\u011b maysk\u00fdch nebo azt\u00e9ck\u00fdch, vysv\u011btlil Ramos.<\/span> <span style=\"font-weight: 400;\">Pokud je tedy fakt, \u017ee sb\u00edrka skute\u010dn\u011b poch\u00e1z\u00ed z&nbsp;doby p\u0159edkolumbovsk\u00e9, a nejedn\u00e1 se o modern\u00ed pad\u011blek, pak zde m\u00e1me novou z\u00e1hadu, kter\u00e1 otev\u00edr\u00e1 teorii, \u017ee so\u0161ky jsou jako posledn\u00ed duchov\u00e9 &#8211; poz\u016fstatky nezn\u00e1m\u00e9ho n\u00e1roda.<\/span><\/p>\n\n\n\n<p class=\"wp-block-paragraph\"><span style=\"font-weight: 400;\">Ov\u0161em teorie otce Nazaria, \u017ee se jedn\u00e1 o so\u0161ky jednoho z&nbsp;deseti ztracen\u00fdch izraelsk\u00fdch kmen\u016f, se neuchytila. &#8220;<\/span><i><span style=\"font-weight: 400;\">Deset kmen\u016f?<\/span><\/i> <i><span style=\"font-weight: 400;\">Ne, ne, <\/span><\/i><span style=\"font-weight: 400;\">\u201c\u0159\u00edk\u00e1 Ramos a vysv\u011btlil, \u017ee <\/span><b>Chris Rollston<\/b><span style=\"font-weight: 400;\">, odborn\u00edk na starov\u011bk\u00e9 jazyky Levantu, v\u010detn\u011b hebrej\u0161tiny a f\u00e9ni\u010dtiny, potvrdil, \u017ee tu a tam lze pozorovat zd\u00e1nliv\u00e9 podobnosti v&nbsp;symbolech, ale struktura syst\u00e9m\u016f psan\u00ed je z\u00e1sadn\u011b odli\u0161n\u00e1. N\u00e1pisy na so\u0161k\u00e1ch obsahuj\u00ed v\u017edy alespo\u0148 15 a\u017e 20 r\u016fzn\u00fdch symbol\u016f, vyryt\u00fdch v&nbsp;r\u016fzn\u00fdch uspo\u0159\u00e1d\u00e1n\u00edch: <\/span><i><span style=\"font-weight: 400;\">\u201cNarazili jsme na syst\u00e9m pozn\u00e1mek, kter\u00fd nebyl dosud zdokumentov\u00e1n\u201c<\/span><\/i><span style=\"font-weight: 400;\">, \u0159ekl Ramos.<\/span><\/p>\n\n\n\n<p class=\"wp-block-paragraph\"><b>Ag\u00fceybanova knihovna je prav\u00e1!<\/b><\/p>\n\n\n\n<p class=\"wp-block-paragraph\"><span style=\"font-weight: 400;\">Na z\u00e1klad\u011b spolupr\u00e1ce profesora Ramose, provedli experti z&nbsp;Izraele a Spojen\u00fdch st\u00e1t\u016f molekul\u00e1rn\u00ed anal\u00fdzu asi 20 kus\u016f kamen\u016f v&nbsp;laborato\u0159i materi\u00e1l\u016f na univerzit\u011b v&nbsp;Haif\u011b. Ta prok\u00e1zala, \u017ee jedine\u010dn\u00e9 objekty jsou skute\u010dn\u011b staro\u017eitn\u00e9 a nikoli fale\u0161n\u00e9, co\u017e dolo\u017eili \u010d\u00e1ste\u010dn\u011b vytvo\u0159enou patinou na jejich povrchu. Laborato\u0159 tak\u00e9 zjistila stopy \u010derven\u00e9 barvy a zlat\u00e9 dekorace, co\u017e ozn\u00e1mila doktorka<\/span><b> Iris Groman-Yaroslavsky<\/b><span style=\"font-weight: 400;\">, kter\u00e1 pracovala na n\u00e1lezech spolu s&nbsp;profesorem Ramosem. Doktorka Yaroslavsky ur\u010dila, \u017ee symboly na kamenech byly vyrobeny p\u0159inejmen\u0161\u00edm v&nbsp;p\u0159edkolumbovsk\u00fdch dob\u00e1ch, a \u017ee byly vystaveny po dlouhou dobu p\u016fsoben\u00ed vliv\u016f po\u010das\u00ed.<\/span><\/p>\n\n\n\n<blockquote class=\"wp-block-quote is-layout-flow wp-block-quote-is-layout-flow\"><p><strong>Pravlast z\u00e1hadn\u00e9 Chupacabry<\/strong><\/p><p><span style=\"font-weight: 400;\">Portoriko bylo prvn\u00ed, kde se objevilo z\u00e1hadn\u00e9 zv\u00ed\u0159e, kter\u00e9 doposud nikdo neznal. Chupacabra neboli &#8220;koz\u00ed up\u00edr&#8221; je nej\u010dast\u011bji popisov\u00e1na jako bytost 1 &#8211; 1,7 metr\u016f vysok\u00e1 s&nbsp;obrovsk\u00fdma rud\u00fdma o\u010dima, siln\u00fdma zadn\u00edma nohama, ostny na z\u00e1dech, dlouh\u00fdm jazykem, tes\u00e1ky a dr\u00e1py. \u00dato\u010d\u00ed na kozy, ale i dr\u016fbe\u017e, saje jim krev a trh\u00e1 vnit\u0159n\u00ed org\u00e1ny. Z&nbsp;Portorika p\u0159i\u0161ly prvn\u00ed zpr\u00e1vy o objeven\u00ed z\u00e1hadn\u00e9ho zv\u00ed\u0159ete z&nbsp;oblasti m\u011bst Ponce, Arecibo a Dorado.\u00a0<\/span> I kdy\u017e \u0161lo z\u0159ejm\u011b o omyly a p\u016fsoben\u00ed klasick\u00fdch pred\u00e1tor\u016f, strach vykonal sv\u00e9 a tak se z\u00e1hadn\u00e9 zv\u00ed\u0159e n\u011bjak\u00fdm zp\u016fsobem z&nbsp;ostrovn\u00edho Portorika dostala p\u0159es mo\u0159e na americk\u00fd kontinent &#8211; ale z\u00e1hadn\u011b v\u017edy jen do \u0161pan\u011blsky hovo\u0159\u00edc\u00edch zem\u00ed&#8230;\u00a0<\/p><\/blockquote>\n\n\n\n<p class=\"wp-block-paragraph\"><i><span style=\"font-weight: 400;\">\u201cUvnit\u0159 symbol\u016f byla zaznamen\u00e1na vysok\u00e1 \u00farove\u0148 zv\u011btr\u00e1v\u00e1n\u00ed, co\u017e je chemick\u00e1 transformace, kterou hornina proch\u00e1z\u00ed, pokud je vystavena po del\u0161\u00ed dobu p\u0159\u00edrodn\u00edm \u017eivl\u016fm. Kdyby byly kameny vyrobeny otcem Nazariem, o kter\u00e9m v\u00edme, \u017ee je po dlouhou dobu schov\u00e1val doma v&nbsp;krabic\u00edch, nebyly by uvnit\u0159 symbol\u016f tyto stopy patrn\u00e9<\/span><\/i><span style=\"font-weight: 400;\">\u201c, \u0159ekl k&nbsp;proveden\u00e9 anal\u00fdze Ramos a dodal, \u017ee Yaroslavsky <\/span><i><span style=\"font-weight: 400;\">&#8220;podrobn\u011b vyhodnotila jednotliv\u00e9 kusy kamen\u016f, a zjistila, \u017ee n\u00e1stroje, pou\u017eit\u00e9 k&nbsp;jejich v\u00fdrob\u011b se nezdaj\u00ed b\u00fdt kovov\u00e9, jak se p\u016fvodn\u011b o\u010dek\u00e1valo, kdyby byly kameny vyrobeny v&nbsp;posledn\u00ed dob\u011b. Naopak se zd\u00e1, \u017ee byly vyrobeny z&nbsp;kamenn\u00fdch n\u00e1stroj\u016f, zejm\u00e9na z&nbsp;pazourku!\u201c<\/span><\/i><\/p>\n\n\n\n<div class=\"wp-block-image\"><figure class=\"aligncenter size-large\"><img loading=\"lazy\" decoding=\"async\" width=\"567\" height=\"439\" src=\"https:\/\/tom-stehule.com\/wp-content\/uploads\/2020\/07\/DSC_0234-2-1_ex.jpg\" alt=\"\" class=\"wp-image-3375\" srcset=\"https:\/\/tom-stehule.com\/wp-content\/uploads\/2020\/07\/DSC_0234-2-1_ex.jpg 567w, https:\/\/tom-stehule.com\/wp-content\/uploads\/2020\/07\/DSC_0234-2-1_ex-300x232.jpg 300w\" sizes=\"auto, (max-width: 567px) 100vw, 567px\" \/><figcaption>Detail jednoho z&nbsp;artefakt\u016f. Zdroj: internet.<\/figcaption><\/figure><\/div>\n\n\n\n<p class=\"wp-block-paragraph\"><span style=\"font-weight: 400;\">Na z\u00e1klad\u011b anal\u00fdzy izotop\u016f a ur\u010den\u00ed chemick\u00fdch vlastnost\u00ed bylo d\u00e1le zji\u0161t\u011bno, \u017ee artefakty byly vyrobeny z&nbsp;kamene, poch\u00e1zej\u00edc\u00edho z&nbsp;Had\u00edch hor. I kdy\u017e tyto testy nemohou kategoricky tvrdit, \u017ee artefakty jsou m\u00edstn\u00ed, faktem z\u016fst\u00e1v\u00e1, \u017ee podobn\u00e1 hornina je k&nbsp;dispozici pouze v&nbsp;bl\u00edzkosti m\u00edsta n\u00e1lezu a nenach\u00e1z\u00ed se nikde jinde v&nbsp;Portoriku, tvrd\u00ed profesor.<\/span><\/p>\n\n\n\n<p class=\"wp-block-paragraph\"><span style=\"font-weight: 400;\">Bylo provedeno p\u011bt zkou\u0161ek radiokarbonov\u00e9ho datov\u00e1n\u00ed saz\u00ed, impregnovan\u00fdch v&nbsp;petroglyfech, kter\u00e9 podpo\u0159ilo starov\u011bk\u00fd p\u016fvod kamen\u016f, s&nbsp;datov\u00fdm rozsahem do obdob\u00ed 900 p\u0159.n.l. &#8211; 900 n.l. I kdy\u017e se jedn\u00e1 o \u0161irokou \u010dasovou osu, v&nbsp;ka\u017ed\u00e9m p\u0159\u00edpad\u011b se st\u00e1le pohybujeme v&nbsp;p\u0159edkolumbijsk\u00e9 epo\u0161e, zd\u016fraznil Ramos.<\/span><\/p>\n\n\n\n<p class=\"wp-block-paragraph\"><span style=\"font-weight: 400;\">Lidsk\u00e9 os\u00eddlen\u00ed Portorika se datuje a\u017e do obdob\u00ed 6&nbsp;000 let. Jin\u00fdmi slovy, m\u00edstn\u00ed populace p\u0159edch\u00e1zela ur\u010den\u00e9mu st\u00e1\u0159\u00ed figurek nejm\u00e9n\u011b o 3&nbsp;500 let! Prvn\u00ed karib\u0161t\u00ed osadn\u00edci p\u0159ipluli lod\u00ed z&nbsp;pevniny, mo\u017en\u00e1 z&nbsp;Belize nebo Venezuely. Zjevn\u011b to byli lovci-sb\u011bra\u010di, kte\u0159\u00ed nem\u011bli pot\u0159ebn\u00e9 hrn\u010d\u00ed\u0159sk\u00e9 dovednosti, a pou\u017e\u00edvali kamenn\u00e9 n\u00e1stroje. Pozd\u011bji, kolem roku 600 p\u0159.n.l. a\u017e 300 n.l., dorazili a usadili se zde obyvatel\u00e9 Venezuely naz\u00fdvan\u00ed Saladoidi, kte\u0159\u00ed p\u0159inesli hrn\u010d\u00ed\u0159sk\u00e9 dovednosti, zem\u011bd\u011blsk\u00e9 techniky a zv\u00ed\u0159ec\u00ed ob\u0159ady. Nen\u00ed zn\u00e1mo, jak vych\u00e1zeli s&nbsp;domorod\u00fdmi Portorik\u00e1nci.<\/span><\/p>\n\n\n\n<div class=\"wp-block-image\"><figure class=\"aligncenter size-large is-resized\"><img loading=\"lazy\" decoding=\"async\" src=\"https:\/\/tom-stehule.com\/wp-content\/uploads\/2020\/07\/1280px-Reniel_Rodr\u00edguez_and_isolated_glyphs_ex-1024x768.jpeg\" alt=\"\" class=\"wp-image-3376\" width=\"756\" height=\"567\" srcset=\"https:\/\/tom-stehule.com\/wp-content\/uploads\/2020\/07\/1280px-Reniel_Rodr\u00edguez_and_isolated_glyphs_ex-1024x768.jpeg 1024w, https:\/\/tom-stehule.com\/wp-content\/uploads\/2020\/07\/1280px-Reniel_Rodr\u00edguez_and_isolated_glyphs_ex-300x225.jpeg 300w, https:\/\/tom-stehule.com\/wp-content\/uploads\/2020\/07\/1280px-Reniel_Rodr\u00edguez_and_isolated_glyphs_ex-768x576.jpeg 768w, https:\/\/tom-stehule.com\/wp-content\/uploads\/2020\/07\/1280px-Reniel_Rodr\u00edguez_and_isolated_glyphs_ex.jpeg 1280w\" sizes=\"auto, (max-width: 756px) 100vw, 756px\" \/><figcaption>Podoba n\u011bkter\u00fdch vryp\u016f. Zdroj: internet.<\/figcaption><\/figure><\/div>\n\n\n\n<p class=\"wp-block-paragraph\"><span style=\"font-weight: 400;\">Kdo tedy na t\u00e9to \u010dasov\u00e9 ose vy\u0159ezal tajemn\u00e9 figurky? Nev\u00edme, a tak ot\u00e1zky st\u00e1le z\u016fst\u00e1vaj\u00ed. Rozp\u011bt\u00ed datov\u00e1n\u00ed uhl\u00edku je \u0161irok\u00e9 a jedin\u00fdm referen\u010dn\u00edm bodem je styl \u0159ezby a n\u00e1pisy, kter\u00e9 nemaj\u00ed \u017e\u00e1dnou paralelu s&nbsp;t\u00edm, co u\u017e zn\u00e1me. Nevykazuj\u00ed \u017e\u00e1dn\u00e9 zn\u00e1mky toho, \u017ee jsou produktem deseti \u017eidovsk\u00fdch kmen\u016f, F\u00e9ni\u010dan\u016f, \u0158ek\u016f nebo jin\u00fdch starod\u00e1vn\u00fdch Levantin\u016f, kter\u00e9 se ztratily. Ani se nezdaj\u00ed b\u00fdt podobn\u00e9 ni\u010demu poch\u00e1zej\u00edc\u00edmu z&nbsp;pevninsk\u00e9 Ji\u017en\u00ed Ameriky. Zd\u00e1 se, \u017ee byly skute\u010dn\u011b vyrobeny nezn\u00e1mou civilizac\u00ed.<\/span><\/p>\n\n\n\n<p class=\"wp-block-paragraph\"><span style=\"font-weight: 400;\">Tak\u00e9 u\u017e se nikdy nedozv\u00edme, pro\u010d byla sb\u00edrka poh\u0159bena p\u0159ed stalet\u00edmi, a byla zn\u00e1m\u00e1 pouze jedin\u00e9 rodin\u011b, kter\u00e1 zmizela s&nbsp;posledn\u00ed starou \u017eenou po roce 1870. Rodr\u00edguez Ramos v\u0161ak spekuluje, \u017ee vzhledem k&nbsp;tomu, jak je tato sb\u00edrka jedine\u010dn\u00e1, nebyly artefakty produktem \u0161iroce roz\u0161\u00ed\u0159en\u00e9ho kultu.<\/span><\/p>\n\n\n\n<p class=\"wp-block-paragraph\"><i><span style=\"font-weight: 400;\">&#8220;Dok\u00e1\u017eu si p\u0159edstavit n\u011bco na zp\u016fsob svitk\u016f od Mrtv\u00e9ho mo\u0159e, kter\u00e9 byly tak\u00e9 ulo\u017eeny na skryt\u00e9m m\u00edst\u011b, a v\u011bd\u011bli to pouze n\u011bkte\u0159\u00ed lid\u00e9, kte\u0159\u00ed se o n\u011b mohli postarat,<\/span><\/i><span style=\"font-weight: 400;\">&#8221; odhaduje.<\/span><\/p>\n\n\n\n<p class=\"wp-block-paragraph\"><span style=\"font-weight: 400;\">Jednozna\u010dn\u00e9 je nyn\u00ed pouze jejich st\u00e1\u0159\u00ed, kter\u00e9 je ur\u010deno \u010d\u00e1ste\u010dn\u011b patinou na jejich povrchu, kter\u00e1 se musela utvo\u0159it p\u0159\u00edrodn\u00edmi procesy po dlouh\u00e9, dlouh\u00e9 roky b\u011bhem jejich ulo\u017een\u00ed v&nbsp;podzemn\u00edm \u00fakrytu. Ramos se jako v\u011bdec zdr\u00e1h\u00e1 riskovat siln\u00e9 tvrzen\u00ed, \u017ee tyto podivn\u00e9 artefakty byly vyrobeny nezn\u00e1mou civilizac\u00ed. A tak \u0161ibalsky tvrd\u00ed toto: <\/span><i><span style=\"font-weight: 400;\">\u201cByly vytvo\u0159eny jin\u00fdm zp\u016fsobem. Kdy\u017e se na n\u011b pod\u00edv\u00e1m &#8230; okam\u017eit\u011b \u0159eknu &#8211; jinak. Nemohu \u0159\u00edct, \u017ee je vytvo\u0159ila ztracen\u00e1 civilizace, ale mohu \u0159\u00edci: Ruce, kter\u00e9 je vytvo\u0159ily, se li\u0161ily od rukou, kter\u00e9 vyr\u00e1b\u011bly jin\u00e9 artefakty v&nbsp;Portoriku.\u201c<\/span><\/i><\/p>\n\n\n\n<div class=\"wp-block-image\"><figure class=\"aligncenter size-large\"><img loading=\"lazy\" decoding=\"async\" width=\"829\" height=\"528\" src=\"https:\/\/tom-stehule.com\/wp-content\/uploads\/2020\/07\/X3R7DB3VONARNGWFASAIEM34JY.jpg\" alt=\"\" class=\"wp-image-3377\" srcset=\"https:\/\/tom-stehule.com\/wp-content\/uploads\/2020\/07\/X3R7DB3VONARNGWFASAIEM34JY.jpg 829w, https:\/\/tom-stehule.com\/wp-content\/uploads\/2020\/07\/X3R7DB3VONARNGWFASAIEM34JY-300x191.jpg 300w, https:\/\/tom-stehule.com\/wp-content\/uploads\/2020\/07\/X3R7DB3VONARNGWFASAIEM34JY-768x489.jpg 768w\" sizes=\"auto, (max-width: 829px) 100vw, 829px\" \/><figcaption>Ka\u017ed\u00fd k\u00e1men je pe\u010dliv\u011b o\u010d\u00edslov\u00e1n a uschov\u00e1n. Zdroj: internet.<\/figcaption><\/figure><\/div>\n\n\n\n<p class=\"wp-block-paragraph\"><b>Co bude d\u00e1l?<\/b><\/p>\n\n\n\n<p class=\"wp-block-paragraph\"><span style=\"font-weight: 400;\">Rodriguez Ramos se pustil spole\u010dn\u011b se sv\u00fdmi kolegy, doktorkou Yaroslavsky a lingvistou Rollstonen do psan\u00ed v\u011bdeck\u00e9ho \u010dl\u00e1nku, s&nbsp;\u00famyslem jej publikovat v&nbsp;odborn\u00e9m \u010dasopise. \u201eJsou to p\u0159esv\u011bd\u010div\u00e9 studie, kter\u00e9 spole\u010dn\u011b s&nbsp;t\u011bmi, kter\u00e9 popisuj\u00ed provedenou radiokarbonovou studii, poskytuj\u00ed nezvratn\u00e9 informace o st\u00e1\u0159\u00ed sb\u00edrky. Krom\u011b toho jsou v&nbsp;souladu s&nbsp;t\u00edm, co zjistili i ostatn\u00ed v\u011bdci, kte\u0159\u00ed prok\u00e1zali, \u017ee kameny byly autentick\u00e9. Jako dal\u0161\u00ed krok bude p\u0159ipraven fotografick\u00fd katalog sb\u00edrky kamen\u016f, kter\u00e9 bude k&nbsp;dispozici na webov\u00fdch str\u00e1nk\u00e1ch univerzity v&nbsp;Utuado. P\u0159\u00edpadn\u00ed badatel\u00e9 se tak budou moci zapojit do objas\u0148ov\u00e1n\u00ed p\u016fvodu t\u00e9to z\u00e1hady.<\/span><\/p>\n\n\n\n<blockquote class=\"wp-block-quote is-layout-flow wp-block-quote-is-layout-flow\"><p><strong>Deset ztracen\u00fdch kmen\u016f Izraele<\/strong><\/p><p><span style=\"font-weight: 400;\">Deset severn\u00edch kmen\u016f Izraele &#8211; R\u00faben, Dan, Neftal\u00ed, G\u00e1d, A\u0161er, Isachar, Zabulon, Manases, Efraim, \u010d\u00e1ste\u010dn\u011b L\u00e9vi \u2013 \u0160imeon ob\u00fdvalo p\u016fvodn\u011b jih zem\u011b. V&nbsp;roce 722 p\u0159. n. l. byly vyhn\u00e1ny mimo sv\u00e1 \u00fazem\u00ed a pravd\u011bpodobn\u011b se ztratili ve sm\u011bsi jin\u00fdch n\u00e1rod\u016f. Nicm\u00e9n\u011b tento proces vedl k&nbsp;vytvo\u0159en\u00ed cel\u00e9 \u0159ady vz\u00e1jemn\u011b podobn\u00fdch legend o jejich n\u00e1vratu. Jedna z&nbsp;nich hovo\u0159\u00ed o tom, \u017ee tyto kmeny p\u0159e\u017eily daleko na v\u00fdchod\u011b, kde nik\u00fdm neru\u0161eny zachov\u00e1vaj\u00ed Bo\u017e\u00ed z\u00e1kon, a jsou pod p\u0159\u00edmou ochranou boha. Na konci v\u0161ech v\u011bk\u016f pr\u00fd vyjdou ze sv\u00e9 zem\u011b a budou se pod\u00edlet na obnov\u011b Izraele v&nbsp;duchu Bo\u017e\u00edch z\u00e1sad. T\u00e9ma ztracen\u00fdch kmen\u016f zpracov\u00e1vaj\u00ed nap\u0159. apokryfn\u00ed spis 4.&nbsp;kniha Ezdr\u00e1\u0161ova 13,40-50 nebo africk\u00fd c\u00edrkevn\u00ed otec Commodianus (\u017eil ve 3. -4.&nbsp;stolet\u00ed.) Na t\u011bchto vratk\u00fdch z\u00e1kladech je postaveno i n\u00e1bo\u017eenstv\u00ed C\u00edrkve Je\u017e\u00ed\u0161e Krista Posledn\u00edch dn\u00ed, nebo-li jinak &#8211; Mormon\u016f.<\/span><\/p><\/blockquote>\n\n\n\n<blockquote class=\"wp-block-quote is-layout-flow wp-block-quote-is-layout-flow\"><p><strong>Radioteleskop v&nbsp;Arecibu&nbsp;<\/strong><\/p><p><span style=\"font-weight: 400;\">V Portoriku u m\u011bste\u010dka Arecibo se v&nbsp;\u00fadol\u00ed mezi n\u011bkolika kopci nach\u00e1z\u00ed jeden z&nbsp;nejv\u011bt\u0161\u00edch radioteleskop\u016f na sv\u011bt\u011b. Byl postaven v&nbsp;60.&nbsp;letech minul\u00e9ho stolet\u00ed a dlouho byl se sv\u00fdm pr\u016fm\u011brem paraboly &#8211; 300 metr\u016f &#8211; nejv\u011bt\u0161\u00edm na sv\u011bt\u011b. P\u0159ekonal ho a\u017e sov\u011btsk\u00fd radioteleskop RATAN 600 na Kavkaze v&nbsp;70.&nbsp;letech, a v&nbsp;roce 2016 \u010d\u00ednsk\u00fd FAST, kter\u00fd je dvojn\u00e1sobn\u011b velk\u00fd. Radioteleskopy jsou vyu\u017e\u00edv\u00e1ny k&nbsp;v\u00fdzkumu vesm\u00edru, i k&nbsp;programu CETI\/SETI, tedy k&nbsp;hled\u00e1n\u00ed mimozemsk\u00fdch civilizac\u00ed. Jen v&nbsp;letech 2007 &#8211; 2012 bylo sou\u010dasn\u011b na dvou teleskopech (v&nbsp;Green Bank v&nbsp;Z\u00e1padn\u00ed Virginii a v&nbsp;Arecibo na Portoriku) zachyceno celkem 17 podivn\u00fdch sign\u00e1l\u016f, kter\u00e9 vych\u00e1zely ze zdroje, kter\u00fd se nal\u00e9z\u00e1 asi 3 miliardy sv\u011bteln\u00fdch let od Zem\u011b, n\u011bkde v&nbsp;souhv\u011bzd\u00ed Vozky. Dosud nen\u00ed jasn\u00fd p\u016fvod t\u011bchto sign\u00e1l\u016f. Nen\u00ed vylou\u010den ani jejich um\u011bl\u00fd p\u016fvod &#8211; tedy, \u017ee poch\u00e1z\u00ed od dalek\u00e9 mimozemsk\u00e9 civilizace. Radioteleskop si zahr\u00e1l tak\u00e9 ve filmu \u201cKontakt\u201d (1997), \u201cZlat\u00e9 oko\u201d s&nbsp;legend\u00e1rn\u00edm Jamesem Bondem&nbsp; (1995), nebo v&nbsp;seri\u00e1lu \u201cAkta X.\u201d (1993).<\/span><\/p><\/blockquote>\n\n\n\n<p class=\"wp-block-paragraph\"><span style=\"font-weight: 400;\">Zdroje:<\/span><\/p>\n\n\n\n<p class=\"wp-block-paragraph\">[1] St\u011bhule, T.: Kameny otce Nazaria. Z\u00e1hady \u017eivota, 04\/2020. Str. 20-23. ISSN: 1804-9265<\/p>\n\n\n\n<figure class=\"wp-block-image size-large is-resized\"><img loading=\"lazy\" decoding=\"async\" src=\"https:\/\/tom-stehule.com\/wp-content\/uploads\/2020\/05\/zz_042020.jpeg\" alt=\"\" class=\"wp-image-3316\" width=\"164\" height=\"231\" srcset=\"https:\/\/tom-stehule.com\/wp-content\/uploads\/2020\/05\/zz_042020.jpeg 565w, https:\/\/tom-stehule.com\/wp-content\/uploads\/2020\/05\/zz_042020-212x300.jpeg 212w\" sizes=\"auto, (max-width: 164px) 100vw, 164px\" \/><\/figure>\n\n\n","protected":false},"excerpt":{"rendered":"<p>K um\u00edraj\u00edc\u00ed \u017een\u011b sp\u011bch\u00e1 kn\u011bz. Mus\u00ed sp\u011bchat &#8211; v\u017edy\u0165 nelze dopustit, aby zbo\u017en\u00e1 \u017eena opustila tento sv\u011bt bez duchovn\u00ed \u00fat\u011bchy a posledn\u00edho pomaz\u00e1n\u00ed p\u0159ed skonem. Kone\u010dn\u011b je u nemocn\u00e9 star\u00e9 \u017eeny, j\u00ed\u017e zb\u00fdvaj\u00ed posledn\u00ed minuty \u017eivota. Kn\u011bz v&nbsp;rychlosti p\u0159iprav\u00ed v\u0161e na svatou zpov\u011b\u010f, a z&nbsp;bra\u0161ny vyndav\u00e1 posv\u00e1tn\u00fd olej. Skl\u00e1n\u00ed se nad um\u00edraj\u00edc\u00ed, aby vyslechl jej\u00ed posledn\u00ed slova, a sm\u00ed\u0159il ji s&nbsp;Bohem. \u017dena ho v\u0161ak p\u0159ekvap\u00ed &#8211; nam\u00edsto vysloven\u00ed sv\u00fdch h\u0159\u00edch\u016f, podle obvykl\u00e9 osnovy, p\u0159er\u00fdvan\u011b vypr\u00e1v\u00ed udiven\u00e9mu kn\u011bzi o jak\u00e9si indi\u00e1nsk\u00e9 kamenn\u00e9 knihovn\u011b, ukryt\u00e9 kdesi v&nbsp;horsk\u00e9 jeskyni&#8230;<\/p>\n","protected":false},"author":1,"featured_media":3379,"comment_status":"open","ping_status":"open","sticky":false,"template":"","format":"standard","meta":{"colormag_page_container_layout":"default_layout","colormag_page_sidebar_layout":"default_layout","_crdt_document":"","_exactmetrics_skip_tracking":false,"_exactmetrics_sitenote_active":false,"_exactmetrics_sitenote_note":"","_exactmetrics_sitenote_category":0,"__cvm_playback_settings":[],"__cvm_video_id":"","footnotes":""},"categories":[32],"tags":[34,144,5,143,43],"class_list":["post-3314","post","type-post","status-publish","format-standard","has-post-thumbnail","hentry","category-zahady","tag-archeologie","tag-chupacabra","tag-jizni-amerika","tag-portoriko","tag-zahady"],"translation":{"provider":"WPGlobus","version":"3.0.2","language":"es","enabled_languages":["cz","es"],"languages":{"cz":{"title":true,"content":true,"excerpt":true},"es":{"title":false,"content":false,"excerpt":false}}},"_links":{"self":[{"href":"https:\/\/tom-stehule.com\/es\/wp-json\/wp\/v2\/posts\/3314","targetHints":{"allow":["GET"]}}],"collection":[{"href":"https:\/\/tom-stehule.com\/es\/wp-json\/wp\/v2\/posts"}],"about":[{"href":"https:\/\/tom-stehule.com\/es\/wp-json\/wp\/v2\/types\/post"}],"author":[{"embeddable":true,"href":"https:\/\/tom-stehule.com\/es\/wp-json\/wp\/v2\/users\/1"}],"replies":[{"embeddable":true,"href":"https:\/\/tom-stehule.com\/es\/wp-json\/wp\/v2\/comments?post=3314"}],"version-history":[{"count":4,"href":"https:\/\/tom-stehule.com\/es\/wp-json\/wp\/v2\/posts\/3314\/revisions"}],"predecessor-version":[{"id":3380,"href":"https:\/\/tom-stehule.com\/es\/wp-json\/wp\/v2\/posts\/3314\/revisions\/3380"}],"wp:featuredmedia":[{"embeddable":true,"href":"https:\/\/tom-stehule.com\/es\/wp-json\/wp\/v2\/media\/3379"}],"wp:attachment":[{"href":"https:\/\/tom-stehule.com\/es\/wp-json\/wp\/v2\/media?parent=3314"}],"wp:term":[{"taxonomy":"category","embeddable":true,"href":"https:\/\/tom-stehule.com\/es\/wp-json\/wp\/v2\/categories?post=3314"},{"taxonomy":"post_tag","embeddable":true,"href":"https:\/\/tom-stehule.com\/es\/wp-json\/wp\/v2\/tags?post=3314"}],"curies":[{"name":"wp","href":"https:\/\/api.w.org\/{rel}","templated":true}]}}