{"id":3599,"date":"2021-04-03T00:10:00","date_gmt":"2021-04-02T22:10:00","guid":{"rendered":"http:\/\/tom-stehule.com\/?p=3599"},"modified":"2023-03-19T10:39:19","modified_gmt":"2023-03-19T09:39:19","slug":"jak-zmizeli-domorodci-z-ohnove-zeme","status":"publish","type":"post","link":"https:\/\/tom-stehule.com\/es\/2021\/04\/03\/jak-zmizeli-domorodci-z-ohnove-zeme\/","title":{"rendered":"Jak zmizeli domorodci z&nbsp;Oh\u0148ov\u00e9 Zem\u011b"},"content":{"rendered":"<p><\/p>\r\n<p class=\"wp-block-paragraph\"><b>Historicky je prok\u00e1z\u00e1no, \u017ee imperi\u00e1ln\u00ed st\u00e1ty v\u017edy ur\u010dovaly dynamiku sv\u011bta. Pat\u0159ilo k&nbsp;tradici, \u017ee se v\u017edy pod\u00edlely na kolonizaci technicky zaostal\u00fdch teritori\u00ed. Patent na toto chov\u00e1n\u00ed maj\u00ed Angli\u010dan\u00e9, nicm\u00e9n\u011b podobnou politiku ve skute\u010dnosti prov\u00e1d\u011bli v\u0161ichni, u nich\u017e se uk\u00e1zalo, \u017ee jsou o n\u011bco siln\u011bj\u0161\u00ed ne\u017e ob\u011b\u0165, a kte\u0159\u00ed cht\u011bli vstoupit mezi sv\u011btovou politickou elitu. Francouzi, Belgi\u010dan\u00e9, N\u011bmci, Turci, Italov\u00e9, \u0160pan\u011bl\u00e9 a Portugalci se provinili genocidou domorod\u00fdch obyvatel r\u016fzn\u00fdch \u00fazem\u00ed.\u00a0<\/b><\/p>\r\n<p><\/p>\r\n<p><\/p>\r\n<p class=\"wp-block-paragraph\"><span style=\"font-weight: 400;\">K seznamu t\u011bchto zem\u00ed se za\u0159adila i Argentina, kter\u00e1, jak se zd\u00e1, m\u011bla v\u017edy sp\u00ed\u0161e okrajovou roli, v\u00edce paroduj\u00edc\u00ed, ne\u017e aby hr\u00e1la skute\u010dnou politickou hru. Nicm\u00e9n\u011b i Argentina dok\u00e1zala p\u0159ervat historii cel\u00e9ho n\u00e1roda <\/span><i><span style=\"font-weight: 400;\">Onas <\/span><\/i><span style=\"font-weight: 400;\">(vlastn\u00edm jm\u00e9nem &#8211; Selk&#8217;nam), kter\u00fd kdysi \u017eil v&nbsp;Oh\u0148ov\u00e9 zemi (Tierra del Fuego).<\/span><\/p>\r\n<p><\/p>\r\n<p><\/p>\r\n<div class=\"wp-block-image\">\r\n<figure class=\"aligncenter size-large\"><img loading=\"lazy\" decoding=\"async\" width=\"800\" height=\"605\" class=\"wp-image-3601\" src=\"https:\/\/tom-stehule.com\/wp-content\/uploads\/2021\/01\/image10.jpg\" alt=\"\" srcset=\"https:\/\/tom-stehule.com\/wp-content\/uploads\/2021\/01\/image10.jpg 800w, https:\/\/tom-stehule.com\/wp-content\/uploads\/2021\/01\/image10-300x227.jpg 300w, https:\/\/tom-stehule.com\/wp-content\/uploads\/2021\/01\/image10-768x581.jpg 768w\" sizes=\"auto, (max-width: 800px) 100vw, 800px\" \/>\r\n<figcaption>Oblasti os\u00eddlen\u00ed p\u016fvodn\u00edch obyvatel v&nbsp;ji\u017en\u00ed \u010d\u00e1sti Patagonie. Zdroj: wikipedia.org<\/figcaption>\r\n<\/figure>\r\n<\/div>\r\n<p><\/p>\r\n<p><\/p>\r\n<p class=\"wp-block-paragraph\"><span style=\"font-weight: 400;\">Indi\u00e1n\u016fm Oh\u0148ov\u00e9 zem\u011b se nikdy nepoda\u0159ilo dostat se z&nbsp;doby kamenn\u00e9. Kus zem\u011b, na kter\u00e9 \u017eili, se uk\u00e1zal b\u00fdt p\u0159\u00edli\u0161 mal\u00fd. Zdroje prost\u011b nesta\u010dily na v\u00e1\u017en\u00fd skok vp\u0159ed z&nbsp;hlediska civilizace.<\/span><\/p>\r\n<p><\/p>\r\n<p><\/p>\r\n<p class=\"wp-block-paragraph\"><span style=\"font-weight: 400;\">Poprv\u00e9 je Evropan\u00e9 objevili b\u011bhem expedice, kterou vedl portugalsk\u00fd mo\u0159eplavec\u00a0 \u00a0 \u00a0 <\/span><b>Fern\u00e3o de Magalh\u00e3es<\/b><span style=\"font-weight: 400;\"> (1480-1521). Po n\u00ed byla v\u0161ak tato \u010d\u00e1st Patagonie zjevn\u011b zapomenuta, i kdy\u017e se o n\u00ed dal\u0161\u00ed cestovatel, Angli\u010dan <\/span><b>James Cook<\/b><span style=\"font-weight: 400;\"> (1728-1779) zm\u00ednil v&nbsp;jedn\u00e9 ze sv\u00fdch zpr\u00e1v. V&nbsp;roce 1832 popsal tento lid znovu <\/span><b>Charles Darwin<\/b><span style=\"font-weight: 400;\"> (1809-1882), ale ve Star\u00e9m sv\u011bt\u011b se o tuto zemi nikdo nezaj\u00edmal. A\u017e v&nbsp;polovin\u011b 19.&nbsp;stolet\u00ed se o tento kus zem\u011b za\u010dalo dohadovat Chile s&nbsp;Argentinou. V\u00fdsledkem bylo, \u017ee souostrov\u00ed bylo rozd\u011bleno na polovinu, ani\u017e by se n\u011bkdo ptal na n\u00e1zor t\u011bch, kte\u0159\u00ed na n\u011bm \u017eili.<\/span><\/p>\r\n<p><\/p>\r\n<p><\/p>\r\n<p class=\"wp-block-paragraph\"><span style=\"font-weight: 400;\">Obyvatel\u00e9 Oh\u0148ov\u00e9 zem\u011b v&nbsp;\u017e\u00e1dn\u00e9m p\u0159\u00edpad\u011b nepat\u0159ili mezi vysp\u011bl\u00e9 kmeny, a n\u00e1rod <\/span><i><span style=\"font-weight: 400;\">Ona <\/span><\/i><span style=\"font-weight: 400;\">neopustil nom\u00e1dsk\u00fd zp\u016fsob \u017eivota, byl pova\u017eov\u00e1n za nejzaostalej\u0161\u00ed ze v\u0161ech. Tito Indi\u00e1ni nestav\u011bli trval\u00e1 obydl\u00ed, a \u017eivili se p\u0159ev\u00e1\u017en\u011b lovem. Je pravda, \u017ee jejich \u017eivot\u00a0 velmi z\u00e1visel na ro\u010dn\u00edm obdob\u00ed. V&nbsp;l\u00e9t\u011b se v\u00edce zaj\u00edmali o chov lam, a v&nbsp;zim\u011b lovili tulen\u011b a ryby. Krom\u011b toho se jejich loveck\u00e9 n\u00e1stroje po cel\u00e1 tis\u00edcilet\u00ed v\u016fbec nezm\u011bnily, a byly pou\u017e\u00edv\u00e1ny s&nbsp;obrovskou dovednost\u00ed a univerzalitou.<\/span><\/p>\r\n<p><\/p>\r\n<p><\/p>\r\n<p class=\"wp-block-paragraph\"><span style=\"font-weight: 400;\">Lid\u00e9 <\/span><i><span style=\"font-weight: 400;\">Ona<\/span><\/i><span style=\"font-weight: 400;\"> se vyzna\u010dovali tendenc\u00ed k&nbsp;nadv\u00e1ze, a tak snadno sn\u00e1\u0161eli chlad. Sotva pou\u017e\u00edvali oble\u010den\u00ed. Jen p\u0159\u00edle\u017eitostn\u011b nosili jakousi bedern\u00ed rou\u0161ku &#8211; ko\u017een\u00fd troj\u00faheln\u00edk, zav\u011b\u0161en\u00fd na zp\u016fsob f\u00edkov\u00e9ho listu, a to i p\u0159esto, \u017ee se v&nbsp;drsn\u00e9m chladn\u00e9m po\u010das\u00ed mohli obl\u00e9ci do tepl\u00e9 tulen\u00ed nebo lam\u00ed k\u016f\u017ee. Ve skute\u010dnosti se jejich krej\u010dovsk\u00e9 um\u011bn\u00ed nedostalo d\u00e1l ne\u017e k&nbsp;v\u00fdrob\u011b pl\u00e1\u0161\u0165\u016f. Je pravda, \u017ee na nohou nosili jak\u00e9si zd\u00e1n\u00ed ko\u017ee\u0161inov\u00fdch mokas\u00edn\u016f, kter\u00e9 byly \u010dasto jejich jedin\u00fdm od\u011bvem &#8211; ko\u017een\u00e9 \u201ctroj\u00faheln\u00edky\u201d na ohanb\u00ed byly m\u00e9n\u011b \u010dast\u00e9.<\/span><\/p>\r\n<p><\/p>\r\n<p><\/p>\r\n<div class=\"wp-block-image\">\r\n<figure class=\"aligncenter size-large is-resized\"><img loading=\"lazy\" decoding=\"async\" class=\"wp-image-3602\" src=\"https:\/\/tom-stehule.com\/wp-content\/uploads\/2021\/01\/image4_ex-1.jpg\" alt=\"\" width=\"539\" height=\"300\" srcset=\"https:\/\/tom-stehule.com\/wp-content\/uploads\/2021\/01\/image4_ex-1.jpg 1012w, https:\/\/tom-stehule.com\/wp-content\/uploads\/2021\/01\/image4_ex-1-300x167.jpg 300w, https:\/\/tom-stehule.com\/wp-content\/uploads\/2021\/01\/image4_ex-1-768x427.jpg 768w, https:\/\/tom-stehule.com\/wp-content\/uploads\/2021\/01\/image4_ex-1-800x445.jpg 800w\" sizes=\"auto, (max-width: 539px) 100vw, 539px\" \/>\r\n<figcaption>Obr. Indi\u00e1ni z&nbsp;Tierra del Fuego. Sn\u00edmek byl po\u0159\u00edzen na po\u010d\u00e1tku 20.&nbsp;stolet\u00ed<\/figcaption>\r\n<\/figure>\r\n<\/div>\r\n<p><\/p>\r\n<p><\/p>\r\n<p class=\"wp-block-paragraph\"><span style=\"font-weight: 400;\">Obyvatel\u00e9 Oh\u0148ov\u00e9 zem\u011b mohli p\u0159e\u017e\u00edt a\u017e do dne\u0161n\u00edch dn\u016f, ale k&nbsp;jejich ne\u0161t\u011bst\u00ed se v&nbsp;Bukure\u0161ti v&nbsp;roce 1857 narodil jist\u00fd <\/span><b>Julius Popper<\/b><span style=\"font-weight: 400;\"> &#8211; talentovan\u00fd, nicm\u00e9n\u011b bezcharaktern\u00ed \u010dlov\u011bk. Poch\u00e1zel ze \u017eidovsk\u00e9 rodiny, zab\u00fdvaj\u00edc\u00ed se obchodem se staro\u017eitnostmi, a tak nebyl nijak znev\u00fdhodn\u011bn\u00fdm ob\u010danem. Ve sv\u00e9 vlasti z\u00edskal vynikaj\u00edc\u00ed vzd\u011bl\u00e1n\u00ed, a od d\u011btstv\u00ed se proslavil jako polyglot &#8211; hovo\u0159il plynn\u011b rumunsky, \u0159ecky, \u0161pan\u011blsky, n\u011bmecky, francouzsky a jidi\u0161. Nav\u00edc dokonale ovl\u00e1dal latinu. Ve v\u011bku 17 let ode\u0161el studovat do Pa\u0159\u00ed\u017ee, kde z\u00edskal titul v&nbsp;oboru hornictv\u00ed.<\/span><\/p>\r\n<p><\/p>\r\n<p><\/p>\r\n<p class=\"wp-block-paragraph\"><span style=\"font-weight: 400;\">Pot\u00e9 Julius hodn\u011b cestoval po cel\u00e9m sv\u011bt\u011b &#8211; od \u010c\u00edny po USA, ale m\u011bl r\u00e1d Latinskou Ameriku. A dokonce se pokusil usadit na Kub\u011b a v&nbsp;Braz\u00edlii, ale skon\u010dil v&nbsp;Argentin\u011b. A tam se najednou rozhodl zah\u00e1jit t\u011b\u017ebu zlata v&nbsp;Oh\u0148ov\u00e9 zemi. Za t\u00edmto \u00fa\u010delem p\u0159esv\u011bd\u010dil argentinskou vl\u00e1du, aby mu dala svolen\u00ed, a sestavil t\u00fdm o 18 osob\u00e1ch, aby prozkoumal slibn\u00e9 ostrovy.<\/span><\/p>\r\n<p><\/p>\r\n<p><\/p>\r\n<div class=\"wp-block-image\">\r\n<figure class=\"aligncenter size-large\"><img loading=\"lazy\" decoding=\"async\" width=\"800\" height=\"545\" class=\"wp-image-3603\" src=\"https:\/\/tom-stehule.com\/wp-content\/uploads\/2021\/01\/image9.jpg\" alt=\"\" srcset=\"https:\/\/tom-stehule.com\/wp-content\/uploads\/2021\/01\/image9.jpg 800w, https:\/\/tom-stehule.com\/wp-content\/uploads\/2021\/01\/image9-300x204.jpg 300w, https:\/\/tom-stehule.com\/wp-content\/uploads\/2021\/01\/image9-768x523.jpg 768w, https:\/\/tom-stehule.com\/wp-content\/uploads\/2021\/01\/image9-130x90.jpg 130w\" sizes=\"auto, (max-width: 800px) 100vw, 800px\" \/>\r\n<figcaption>Obr. Popperova expedice. Fotografie z&nbsp;let 1880-1890<\/figcaption>\r\n<\/figure>\r\n<\/div>\r\n<p><\/p>\r\n<p><\/p>\r\n<p class=\"wp-block-paragraph\"><span style=\"font-weight: 400;\">Je t\u011b\u017ek\u00e9 dnes zp\u011btn\u011b hodnotit, jak\u00fd byl v\u016fdce v\u00fdpravy, ale uk\u00e1zalo se, \u017ee byl vynikaj\u00edc\u00edm geografem &#8211; zmapoval a popsal mno\u017estv\u00ed d\u0159\u00edve neprozkouman\u00fdch zem\u00ed, co\u017e ho proslavilo ve v\u011bdeck\u00e9 komunit\u011b. Mimochodem, jeho mapy se pou\u017e\u00edvaj\u00ed dodnes.\u00a0<\/span><\/p>\r\n<p><\/p>\r\n<p><\/p>\r\n<p class=\"wp-block-paragraph\"><span style=\"font-weight: 400;\">Bohu\u017eel, p\u0159i sv\u00e9m hled\u00e1n\u00ed nalezl tak\u00e9 zlato i na pozemc\u00edch kmene <\/span><i><span style=\"font-weight: 400;\">Ona<\/span><\/i><span style=\"font-weight: 400;\">. Je pravda, \u017ee proklamovan\u00e9 lo\u017eisko neodpov\u00eddala jeho rozsahu &#8211; Popper ozn\u00e1mil argentinsk\u00e9 vl\u00e1d\u011b, \u017ee nalezl nejbohat\u0161\u00ed lo\u017eiska, ale ve skute\u010dnosti tam bylo b\u011bhem cel\u00e9ho provozu z\u00edsk\u00e1no p\u0159ibli\u017en\u011b jen 600&nbsp;kg zlata, na\u010de\u017e u\u017e nebylo co hledat &#8211; ve\u0161ker\u00e9 zlato bylo vyt\u011b\u017eeno.<\/span><\/p>\r\n<p><\/p>\r\n<p><\/p>\r\n<p class=\"wp-block-paragraph\"><span style=\"font-weight: 400;\">Nikdo nep\u0159em\u00fd\u0161lel o omezen\u00e9m z\u00e1sobov\u00e1n\u00ed, a dobrodruh dostal povolen\u00ed od Argentiny k&nbsp;jak\u00fdmkoli akc\u00edm, kter\u00e9 slibovaly v\u00fdhody. Prvn\u00ed v\u011bc, kterou Popper za\u010dal pou\u017e\u00edvat, byly drsn\u00e9 metody, jak se zbavit domorodc\u016f &#8211; sestavil soukromou vojenskou spole\u010dnost, kter\u00e1 se zab\u00fdvala vy\u010di\u0161t\u011bn\u00edm zlatonosn\u00e9 oblasti od Indi\u00e1n\u016f &#8211; byli jednodu\u0161e povra\u017ed\u011bni&#8230;<\/span><\/p>\r\n<p><\/p>\r\n<p><\/p>\r\n<div class=\"wp-block-image\">\r\n<figure class=\"aligncenter size-large\"><img loading=\"lazy\" decoding=\"async\" width=\"800\" height=\"580\" class=\"wp-image-3604\" src=\"https:\/\/tom-stehule.com\/wp-content\/uploads\/2021\/01\/image7.jpg\" alt=\"\" srcset=\"https:\/\/tom-stehule.com\/wp-content\/uploads\/2021\/01\/image7.jpg 800w, https:\/\/tom-stehule.com\/wp-content\/uploads\/2021\/01\/image7-300x218.jpg 300w, https:\/\/tom-stehule.com\/wp-content\/uploads\/2021\/01\/image7-768x557.jpg 768w\" sizes=\"auto, (max-width: 800px) 100vw, 800px\" \/>\r\n<figcaption>Obr., Popper s&nbsp;bojovn\u00edky a \u010dlov\u011bk z&nbsp;kmene Ona zabit\u00fd u jeho nohou, rok 1886<\/figcaption>\r\n<\/figure>\r\n<\/div>\r\n<p><\/p>\r\n<p><\/p>\r\n<p class=\"wp-block-paragraph\"><span style=\"font-weight: 400;\">Brzy se uk\u00e1zalo, \u017ee lo\u017eiska zlata nejsou tak bohat\u00e1, jak by si dobyvatel\u00e9 p\u0159\u00e1li. A za\u010dali hledat alternativu. Uk\u00e1zalo se, \u017ee vhodnou mo\u017enost\u00ed\u00a0 jsou ovce, v\u0161ude pro n\u011b existuje spousta tr\u00e1vy (sope\u010dn\u00e1 p\u016fda je velmi \u00farodn\u00e1), a drsn\u00e9 klima p\u0159isp\u00edv\u00e1 k&nbsp;tomu, \u017ee ovc\u00edm roste velmi dlouh\u00e1 a tepl\u00e1 vlna. A takov\u00e9 rouno ji\u017e mohlo sout\u011b\u017eit na sv\u011btov\u00fdch trz\u00edch s&nbsp;t\u011bmi nejlep\u0161\u00edmi vzorky z&nbsp;Brit\u00e1nie a Nov\u00e9ho Z\u00e9landu.<\/span><\/p>\r\n<p><\/p>\r\n<p><\/p>\r\n<p class=\"wp-block-paragraph\"><span style=\"font-weight: 400;\">Indi\u00e1nsk\u00e9 \u00fazem\u00ed se za\u010dalo rychle plnit ov\u010d\u00edmi farmami. Jen\u017ee pak se uk\u00e1zalo, \u017ee p\u0159e\u017eiv\u0161\u00ed Indi\u00e1ni br\u00e1n\u00ed chovu ovc\u00ed je\u0161t\u011b v\u00edc ne\u017e t\u011b\u017eb\u011b zlata &#8211; byli zkr\u00e1tka nuceni lovit ovce, proto\u017ee jejich lamy byli vyhn\u00e1ny ze sv\u00fdch b\u00fdval\u00fdch pastvin. Argentina si necht\u011bla nechat uj\u00edt zisk z&nbsp;prodeje u\u017eite\u010dn\u00e9 vlny, a rozhodla se zbavit obt\u00ed\u017en\u00fdch\u00a0 Indi\u00e1n\u016f &#8211; vl\u00e1da v&nbsp;podstat\u011b vyhl\u00e1sila za\u010d\u00e1tek politiky genocidy. Farm\u00e1\u0159i a Popper, tedy brzy za\u010dali c\u00edlev\u011bdom\u011b masivn\u011b vyhlazovat p\u016fvodn\u00ed obyvatelstvo. Je pravda, \u017ee to zpo\u010d\u00e1tku nebylo p\u0159\u00edli\u0161 \u00fasp\u011b\u0161n\u00e9. Ale <\/span><i><span style=\"font-weight: 400;\">Onov\u00e9 <\/span><\/i><span style=\"font-weight: 400;\">postupn\u011b vym\u00edrali. Pokud je nezabili zem\u011bd\u011blci, zem\u0159eli v&nbsp;d\u016fsledku epidemi\u00ed zavle\u010den\u00fdch chorob nebo jednodu\u0161e na alkohol, kter\u00fd, jak v\u00edme, p\u0159i\u0161el do jejich zem\u00ed s&nbsp;b\u00edl\u00fdm mu\u017eem.<\/span><\/p>\r\n<p><\/p>\r\n<p><\/p>\r\n<p class=\"wp-block-paragraph\"><span style=\"font-weight: 400;\">Obr. N\u011bkolik fotografi\u00ed po\u0159\u00edzen\u00fdch b\u011bhem expedice rakousk\u00e9ho etnologa <\/span><b>Martina Husindeho<\/b><span style=\"font-weight: 400;\"> v&nbsp;letech 1918 a\u017e 1924. Pot\u00e9 prob\u011bhl posledn\u00ed zn\u00e1m\u00fd ritu\u00e1l zasv\u011bcen\u00ed Selknam\u016f:<\/span><\/p>\r\n<p><\/p>\r\n<p><\/p>\r\n<p class=\"wp-block-paragraph\"><\/p>\r\n<p><\/p>\r\n<div class=\"wp-block-image\">\r\n<figure class=\"aligncenter size-large\"><img loading=\"lazy\" decoding=\"async\" width=\"800\" height=\"633\" class=\"wp-image-3605\" src=\"https:\/\/tom-stehule.com\/wp-content\/uploads\/2021\/01\/image1.jpg\" alt=\"\" srcset=\"https:\/\/tom-stehule.com\/wp-content\/uploads\/2021\/01\/image1.jpg 800w, https:\/\/tom-stehule.com\/wp-content\/uploads\/2021\/01\/image1-300x237.jpg 300w, https:\/\/tom-stehule.com\/wp-content\/uploads\/2021\/01\/image1-768x608.jpg 768w\" sizes=\"auto, (max-width: 800px) 100vw, 800px\" \/>\r\n<figcaption>Vpravo je \u0161aman Tenenesk, kter\u00fd umo\u017enil etnologovi \u00fa\u010dastnit se slavnostn\u00edho ob\u0159adu\u00a0 \u201eHain\u201c, a vlevo K&#8217;ternen (osoba byla pot\u0159ena pot\u00e9\u00a0 pokryta hus\u00edm pe\u0159\u00edm) &#8211; d\u00edt\u011b Xalpena, ducha podsv\u011bt\u00ed.<\/figcaption>\r\n<\/figure>\r\n<\/div>\r\n<p><\/p>\r\n<p><\/p>\r\n<p class=\"wp-block-paragraph\"><\/p>\r\n<p><\/p>\r\n<div class=\"wp-block-image\">\r\n<figure class=\"aligncenter size-large\"><img loading=\"lazy\" decoding=\"async\" width=\"800\" height=\"541\" class=\"wp-image-3606\" src=\"https:\/\/tom-stehule.com\/wp-content\/uploads\/2021\/01\/image2.jpg\" alt=\"\" srcset=\"https:\/\/tom-stehule.com\/wp-content\/uploads\/2021\/01\/image2.jpg 800w, https:\/\/tom-stehule.com\/wp-content\/uploads\/2021\/01\/image2-300x203.jpg 300w, https:\/\/tom-stehule.com\/wp-content\/uploads\/2021\/01\/image2-768x519.jpg 768w\" sizes=\"auto, (max-width: 800px) 100vw, 800px\" \/>\r\n<figcaption><em>Galahash (tak\u00e9 K\u00f3taix) je duch z&nbsp;nebe, opak Xalpenu. Kdy\u017e se objev\u00ed na ceremonii, Xalpen odejde. D\u011bsiv\u00fd, kdy\u017e se zlob\u00ed, komick\u00fd, kdy\u017e se bav\u00ed.<\/em><\/figcaption>\r\n<\/figure>\r\n<\/div>\r\n<p><\/p>\r\n<p><\/p>\r\n<p class=\"wp-block-paragraph\"><\/p>\r\n<p><\/p>\r\n<div class=\"wp-block-image\">\r\n<figure class=\"aligncenter size-large is-resized\"><img loading=\"lazy\" decoding=\"async\" class=\"wp-image-3607\" src=\"https:\/\/tom-stehule.com\/wp-content\/uploads\/2021\/01\/image6.jpg\" alt=\"\" width=\"810\" height=\"541\" srcset=\"https:\/\/tom-stehule.com\/wp-content\/uploads\/2021\/01\/image6.jpg 569w, https:\/\/tom-stehule.com\/wp-content\/uploads\/2021\/01\/image6-300x200.jpg 300w\" sizes=\"auto, (max-width: 810px) 100vw, 810px\" \/>\r\n<figcaption>Ko\u0161menk &#8211; na ceremoni\u00e1lu jsou zastoupeni \u010dty\u0159mi duchy, barevn\u011b odli\u0161n\u00fdmi, ka\u017ed\u00fd z&nbsp;nich je jedn\u00edm z&nbsp;hlavn\u00edch sv\u011btov\u00fdch stran<\/figcaption>\r\n<\/figure>\r\n<\/div>\r\n<p><\/p>\r\n<p><\/p>\r\n<div class=\"wp-block-image\">\r\n<figure class=\"aligncenter size-large is-resized\"><img loading=\"lazy\" decoding=\"async\" class=\"wp-image-3608\" src=\"https:\/\/tom-stehule.com\/wp-content\/uploads\/2021\/01\/image8.jpg\" alt=\"\" width=\"704\" height=\"717\" srcset=\"https:\/\/tom-stehule.com\/wp-content\/uploads\/2021\/01\/image8.jpg 522w, https:\/\/tom-stehule.com\/wp-content\/uploads\/2021\/01\/image8-294x300.jpg 294w\" sizes=\"auto, (max-width: 704px) 100vw, 704px\" \/>\r\n<figcaption>Matan, duch tance, a Tanu, sestra Xalpena, kter\u00e1 (na slavnostn\u00edm ceremoni\u00e1lu v&nbsp;mu\u017esk\u00e9 i \u017eensk\u00e9\u00a0 podob\u011b\u00a0 oble\u010den\u00e1 jako mu\u017ei) byla jej\u00ed z\u00e1stupkyn\u00ed na \u201eVelk\u00e9m Heine\u201c.<\/figcaption>\r\n<\/figure>\r\n<\/div>\r\n<p><\/p>\r\n<p><\/p>\r\n<div class=\"wp-block-image\">\r\n<figure class=\"aligncenter size-large is-resized\"><img loading=\"lazy\" decoding=\"async\" class=\"wp-image-3609\" src=\"https:\/\/tom-stehule.com\/wp-content\/uploads\/2021\/01\/image5.jpg\" alt=\"\" width=\"801\" height=\"482\" srcset=\"https:\/\/tom-stehule.com\/wp-content\/uploads\/2021\/01\/image5.jpg 640w, https:\/\/tom-stehule.com\/wp-content\/uploads\/2021\/01\/image5-300x180.jpg 300w\" sizes=\"auto, (max-width: 801px) 100vw, 801px\" \/>\r\n<figcaption>Obr. Tanec p\u0159i\u00a0 ceremoni\u00e1lu na po\u010dest jednoho z&nbsp;duch\u016f<\/figcaption>\r\n<\/figure>\r\n<\/div>\r\n<p><\/p>\r\n<p><\/p>\r\n<p class=\"wp-block-paragraph\"><span style=\"font-weight: 400;\">Posledn\u00ed z\u00e1stupce n\u00e1roda <\/span><i><span style=\"font-weight: 400;\">Ona <\/span><\/i><span style=\"font-weight: 400;\">zem\u0159el v&nbsp;roce 1974, a dnes se v\u00ed jen o n\u011bkolika des\u00edtk\u00e1ch mestic\u016f. To je v\u0161e, co zbylo z&nbsp;tis\u00edc\u016f lid\u00ed tohoto d\u00e1vn\u00e9ho n\u00e1roda. Jejich jazyk v&nbsp;sou\u010dasn\u00e9 dob\u011b ovl\u00e1d\u00e1 pouze jedna osoba &#8211; p\u0159edposledn\u00ed zem\u0159ela na konci dvac\u00e1t\u00e9ho stolet\u00ed. Samotn\u00fd Popper, kter\u00fd je nejv\u00edce ze v\u0161ech vinen vyhlazen\u00edm t\u011bchto ne\u0161kodn\u00fdch lid\u00ed, zem\u0159el v&nbsp;roce 1893 ve v\u011bku pouh\u00fdch 35 let. Byl nalezen mrtv\u00fd v&nbsp;hotelov\u00e9m pokoji v&nbsp;Buenos Aires. Podle n\u011bkter\u00fdch zpr\u00e1v ho n\u011bkdo otr\u00e1vil. Ale kdo, a za co p\u0159esn\u011b, nen\u00ed zn\u00e1mo.<\/span><\/p>\r\n<p><\/p>\r\n<p><\/p>\r\n<p class=\"wp-block-paragraph\"><span style=\"font-weight: 400;\">Za Popper\u016fv odkaz jsou pova\u017eov\u00e1ny dobr\u00e9 mapy ji\u017en\u00edho c\u00edpu pevniny, vylep\u0161en\u00fd design bagru pro t\u011b\u017ebu zlata a numismatick\u00e1 rarita &#8211; mince, ra\u017een\u00e9 jeho t\u011b\u017ea\u0159skou spole\u010dnost\u00ed, kter\u00e9 byly n\u011bjakou dobu v&nbsp;ob\u011bhu v&nbsp;samotn\u00e9 Argentin\u011b.<\/span><\/p>\r\n<p><\/p>\r\n<p><\/p>\r\n<p class=\"wp-block-paragraph\">Zdroje:<\/p>\r\n<p><\/p>\r\n<p><\/p>\r\n<p class=\"wp-block-paragraph\">[1] St\u011bhule, T.: Zmizel\u00ed domorodci z&nbsp;Ohniv\u00e9 zem\u011b. Z\u00e1hady \u017eivota, 12\/2020. Str. 38-39. ISSN: 1804-9265<\/p>\r\n<p><\/p>\r\n<p><\/p>\r\n<figure class=\"wp-block-image size-large\"><a href=\"www.zahadyzivota.cz\" target=\"_blank\" rel=\"noopener\"><img loading=\"lazy\" decoding=\"async\" width=\"200\" height=\"282\" class=\"wp-image-3610\" src=\"https:\/\/tom-stehule.com\/wp-content\/uploads\/2021\/01\/4436.jpg\" alt=\"\" \/><\/a><\/figure>\r\n<p><\/p>","protected":false},"excerpt":{"rendered":"<p>Historicky je prok\u00e1z\u00e1no, \u017ee imperi\u00e1ln\u00ed st\u00e1ty v\u017edy ur\u010dovaly dynamiku sv\u011bta. Pat\u0159ilo k&nbsp;tradici, \u017ee se v\u017edy pod\u00edlely na kolonizaci technicky zaostal\u00fdch teritori\u00ed. Patent na toto chov\u00e1n\u00ed maj\u00ed Angli\u010dan\u00e9, nicm\u00e9n\u011b podobnou politiku ve skute\u010dnosti prov\u00e1d\u011bli v\u0161ichni, u nich\u017e se uk\u00e1zalo, \u017ee jsou o n\u011bco siln\u011bj\u0161\u00ed ne\u017e ob\u011b\u0165, a kte\u0159\u00ed cht\u011bli vstoupit mezi sv\u011btovou politickou elitu. <\/p>\n","protected":false},"author":1,"featured_media":3600,"comment_status":"open","ping_status":"open","sticky":false,"template":"","format":"standard","meta":{"colormag_page_container_layout":"default_layout","colormag_page_sidebar_layout":"default_layout","_crdt_document":"","_exactmetrics_skip_tracking":false,"_exactmetrics_sitenote_active":false,"_exactmetrics_sitenote_note":"","_exactmetrics_sitenote_category":0,"__cvm_playback_settings":[],"__cvm_video_id":"","footnotes":""},"categories":[37],"tags":[45,63,194,5,193],"class_list":["post-3599","post","type-post","status-publish","format-standard","has-post-thumbnail","hentry","category-historie","tag-argentina","tag-chile","tag-indiani","tag-jizni-amerika","tag-ohnova-zeme"],"translation":{"provider":"WPGlobus","version":"3.0.2","language":"es","enabled_languages":["cz","es"],"languages":{"cz":{"title":true,"content":true,"excerpt":true},"es":{"title":false,"content":false,"excerpt":false}}},"_links":{"self":[{"href":"https:\/\/tom-stehule.com\/es\/wp-json\/wp\/v2\/posts\/3599","targetHints":{"allow":["GET"]}}],"collection":[{"href":"https:\/\/tom-stehule.com\/es\/wp-json\/wp\/v2\/posts"}],"about":[{"href":"https:\/\/tom-stehule.com\/es\/wp-json\/wp\/v2\/types\/post"}],"author":[{"embeddable":true,"href":"https:\/\/tom-stehule.com\/es\/wp-json\/wp\/v2\/users\/1"}],"replies":[{"embeddable":true,"href":"https:\/\/tom-stehule.com\/es\/wp-json\/wp\/v2\/comments?post=3599"}],"version-history":[{"count":8,"href":"https:\/\/tom-stehule.com\/es\/wp-json\/wp\/v2\/posts\/3599\/revisions"}],"predecessor-version":[{"id":4681,"href":"https:\/\/tom-stehule.com\/es\/wp-json\/wp\/v2\/posts\/3599\/revisions\/4681"}],"wp:featuredmedia":[{"embeddable":true,"href":"https:\/\/tom-stehule.com\/es\/wp-json\/wp\/v2\/media\/3600"}],"wp:attachment":[{"href":"https:\/\/tom-stehule.com\/es\/wp-json\/wp\/v2\/media?parent=3599"}],"wp:term":[{"taxonomy":"category","embeddable":true,"href":"https:\/\/tom-stehule.com\/es\/wp-json\/wp\/v2\/categories?post=3599"},{"taxonomy":"post_tag","embeddable":true,"href":"https:\/\/tom-stehule.com\/es\/wp-json\/wp\/v2\/tags?post=3599"}],"curies":[{"name":"wp","href":"https:\/\/api.w.org\/{rel}","templated":true}]}}