{"id":4087,"date":"2023-04-22T00:10:00","date_gmt":"2023-04-21T22:10:00","guid":{"rendered":"http:\/\/tom-stehule.com\/?p=4087"},"modified":"2023-03-20T09:49:02","modified_gmt":"2023-03-20T08:49:02","slug":"nejvyznamnejsi-chram-inku","status":"publish","type":"post","link":"https:\/\/tom-stehule.com\/es\/2023\/04\/22\/nejvyznamnejsi-chram-inku\/","title":{"rendered":"El templo m\u00e1s importante de los incas"},"content":{"rendered":"<p><\/p>\r\n<p class=\"wp-block-paragraph\"><strong>Podle kronik\u00e1\u0159\u016f \u0161lo o jednu z&nbsp;nejp\u016fsobiv\u011bj\u0161\u00edch staveb Ink\u016f. Interi\u00e9r byl cel\u00fd pokryt\u00fd zlat\u00fdmi pl\u00e1ty, proto\u017ee \u0161lo o hlavn\u00ed chr\u00e1m, zasv\u011bcen\u00fd Slunci. Coricancha, Ccorichancha nebo Qorikancha (v&nbsp;ke\u010du\u00e1n\u0161tin\u011b Quri Kancha, &#8220;Zlat\u00fd chr\u00e1m&#8221;) byl hlavn\u00ed inck\u00fd chr\u00e1m zasv\u011bcen\u00fd Slunci. Za vl\u00e1dy Ink\u016f byl obklopen zlat\u00fdmi pl\u00e1ty zven\u010d\u00ed i zevnit\u0159 chr\u00e1mu.<\/strong><\/p>\r\n<p><\/p>\r\n<p><\/p>\r\n<p class=\"wp-block-paragraph\">Existuj\u00ed r\u016fzn\u00e9 verze o tom, kter\u00fd panovn\u00edk na\u0159\u00eddil stavbu Coricanchy. N\u011bkte\u0159\u00ed tvrd\u00ed, \u017ee tato stavba existovala ji\u017e p\u0159ed obsazen\u00edm m\u00edsta Inky, a \u017ee ji tito pouze p\u0159estav\u011bli, jin\u00ed tvrd\u00ed, \u017ee to byl <strong>Inka Pachacutec<\/strong>, kdo na\u0159\u00eddil stavbu tohoto chr\u00e1mu po sv\u00e9m v\u00edt\u011bzstv\u00ed nad Chancas v&nbsp;roce 1438.<\/p>\r\n<p><\/p>\r\n<p><\/p>\r\n<figure class=\"wp-block-gallery has-nested-images columns-default is-cropped wp-block-gallery-1 is-layout-flex wp-block-gallery-is-layout-flex\"><\/p>\r\n<figure class=\"wp-block-image size-large\">\r\n<figure id=\"attachment_4089\" aria-describedby=\"caption-attachment-4089\" style=\"width: 720px\" class=\"wp-caption alignnone\"><img loading=\"lazy\" decoding=\"async\" data-id=\"4089\" class=\"wp-image-4089\" src=\"https:\/\/tom-stehule.com\/wp-content\/uploads\/2022\/06\/Qoricancha-Nejvyznamnejsi-chram-v-Tawantinsuyo2.jpg\" alt=\"Chr\u00e1m Coricancha. Foto: autor.\" width=\"720\" height=\"900\" srcset=\"https:\/\/tom-stehule.com\/wp-content\/uploads\/2022\/06\/Qoricancha-Nejvyznamnejsi-chram-v-Tawantinsuyo2.jpg 720w, https:\/\/tom-stehule.com\/wp-content\/uploads\/2022\/06\/Qoricancha-Nejvyznamnejsi-chram-v-Tawantinsuyo2-240x300.jpg 240w\" sizes=\"auto, (max-width: 720px) 100vw, 720px\" \/><figcaption id=\"caption-attachment-4089\" class=\"wp-caption-text\">Chr\u00e1m Coricancha. Foto: autor.<\/figcaption><\/figure><br \/>\r\n<\/figure>\r\n<p><\/p>\r\n<p><\/p>\r\n<figure class=\"wp-block-image size-large\">\r\n<figure id=\"attachment_4092\" aria-describedby=\"caption-attachment-4092\" style=\"width: 720px\" class=\"wp-caption alignnone\"><img loading=\"lazy\" decoding=\"async\" data-id=\"4092\" class=\"wp-image-4092\" src=\"https:\/\/tom-stehule.com\/wp-content\/uploads\/2022\/06\/Qoricancha-Nejvyznamnejsi-chram-v-Tawantinsuyo3.jpg\" alt=\"Chr\u00e1m Coricancha. Foto: autor.\" width=\"720\" height=\"900\" srcset=\"https:\/\/tom-stehule.com\/wp-content\/uploads\/2022\/06\/Qoricancha-Nejvyznamnejsi-chram-v-Tawantinsuyo3.jpg 720w, https:\/\/tom-stehule.com\/wp-content\/uploads\/2022\/06\/Qoricancha-Nejvyznamnejsi-chram-v-Tawantinsuyo3-240x300.jpg 240w\" sizes=\"auto, (max-width: 720px) 100vw, 720px\" \/><figcaption id=\"caption-attachment-4092\" class=\"wp-caption-text\">Chr\u00e1m Coricancha. Foto: autor.<\/figcaption><\/figure><br \/>\r\n<\/figure>\r\n<p><\/p>\r\n<p><\/p>\r\n<figure class=\"wp-block-image size-large\">\r\n<figure id=\"attachment_4091\" aria-describedby=\"caption-attachment-4091\" style=\"width: 720px\" class=\"wp-caption alignnone\"><img loading=\"lazy\" decoding=\"async\" data-id=\"4091\" class=\"wp-image-4091\" src=\"https:\/\/tom-stehule.com\/wp-content\/uploads\/2022\/06\/Qoricancha-Nejvyznamnejsi-chram-v-Tawantinsuyo4.jpg\" alt=\"Chr\u00e1m Coricancha. Foto: autor.\" width=\"720\" height=\"900\" srcset=\"https:\/\/tom-stehule.com\/wp-content\/uploads\/2022\/06\/Qoricancha-Nejvyznamnejsi-chram-v-Tawantinsuyo4.jpg 720w, https:\/\/tom-stehule.com\/wp-content\/uploads\/2022\/06\/Qoricancha-Nejvyznamnejsi-chram-v-Tawantinsuyo4-240x300.jpg 240w\" sizes=\"auto, (max-width: 720px) 100vw, 720px\" \/><figcaption id=\"caption-attachment-4091\" class=\"wp-caption-text\">Chr\u00e1m Coricancha. Foto: autor.<\/figcaption><\/figure><br \/>\r\n<\/figure>\r\n<p><\/p>\r\n<p><\/p>\r\n<figure class=\"wp-block-image size-large\">\r\n<figure id=\"attachment_4094\" aria-describedby=\"caption-attachment-4094\" style=\"width: 833px\" class=\"wp-caption alignnone\"><img loading=\"lazy\" decoding=\"async\" data-id=\"4094\" class=\"wp-image-4094\" src=\"https:\/\/tom-stehule.com\/wp-content\/uploads\/2022\/06\/Qoricancha-Nejvyznamnejsi-chram-v-Tawantinsuyo5-833x1024.jpg\" alt=\"Chr\u00e1m Coricancha. Foto: autor.\" width=\"833\" height=\"1024\" srcset=\"https:\/\/tom-stehule.com\/wp-content\/uploads\/2022\/06\/Qoricancha-Nejvyznamnejsi-chram-v-Tawantinsuyo5-833x1024.jpg 833w, https:\/\/tom-stehule.com\/wp-content\/uploads\/2022\/06\/Qoricancha-Nejvyznamnejsi-chram-v-Tawantinsuyo5-244x300.jpg 244w, https:\/\/tom-stehule.com\/wp-content\/uploads\/2022\/06\/Qoricancha-Nejvyznamnejsi-chram-v-Tawantinsuyo5-768x945.jpg 768w, https:\/\/tom-stehule.com\/wp-content\/uploads\/2022\/06\/Qoricancha-Nejvyznamnejsi-chram-v-Tawantinsuyo5-1249x1536.jpg 1249w, https:\/\/tom-stehule.com\/wp-content\/uploads\/2022\/06\/Qoricancha-Nejvyznamnejsi-chram-v-Tawantinsuyo5.jpg 1665w\" sizes=\"auto, (max-width: 833px) 100vw, 833px\" \/><figcaption id=\"caption-attachment-4094\" class=\"wp-caption-text\">Chr\u00e1m Coricancha. Foto: autor.<\/figcaption><\/figure><br \/>\r\n<\/figure>\r\n<p><\/p>\r\n<p><\/p>\r\n<figure class=\"wp-block-image size-large\">\r\n<figure id=\"attachment_4090\" aria-describedby=\"caption-attachment-4090\" style=\"width: 720px\" class=\"wp-caption alignnone\"><img loading=\"lazy\" decoding=\"async\" data-id=\"4090\" class=\"wp-image-4090\" src=\"https:\/\/tom-stehule.com\/wp-content\/uploads\/2022\/06\/Qoricancha-Nejvyznamnejsi-chram-v-Tawantinsuyo6.jpg\" alt=\"Chr\u00e1m Coricancha. Foto: autor.\" width=\"720\" height=\"480\" srcset=\"https:\/\/tom-stehule.com\/wp-content\/uploads\/2022\/06\/Qoricancha-Nejvyznamnejsi-chram-v-Tawantinsuyo6.jpg 720w, https:\/\/tom-stehule.com\/wp-content\/uploads\/2022\/06\/Qoricancha-Nejvyznamnejsi-chram-v-Tawantinsuyo6-300x200.jpg 300w\" sizes=\"auto, (max-width: 720px) 100vw, 720px\" \/><figcaption id=\"caption-attachment-4090\" class=\"wp-caption-text\">Chr\u00e1m Coricancha. Foto: autor.<\/figcaption><\/figure><br \/>\r\n<\/figure>\r\n<p><\/p>\r\n<p><\/p>\r\n<figure class=\"wp-block-image size-large\">\r\n<figure id=\"attachment_4093\" aria-describedby=\"caption-attachment-4093\" style=\"width: 720px\" class=\"wp-caption alignnone\"><img loading=\"lazy\" decoding=\"async\" data-id=\"4093\" class=\"wp-image-4093\" src=\"https:\/\/tom-stehule.com\/wp-content\/uploads\/2022\/06\/Qoricancha-Nejvyznamnejsi-chram-v-Tawantinsuyo7.jpg\" alt=\"Chr\u00e1m Coricancha. Foto: autor.\" width=\"720\" height=\"900\" srcset=\"https:\/\/tom-stehule.com\/wp-content\/uploads\/2022\/06\/Qoricancha-Nejvyznamnejsi-chram-v-Tawantinsuyo7.jpg 720w, https:\/\/tom-stehule.com\/wp-content\/uploads\/2022\/06\/Qoricancha-Nejvyznamnejsi-chram-v-Tawantinsuyo7-240x300.jpg 240w\" sizes=\"auto, (max-width: 720px) 100vw, 720px\" \/><figcaption id=\"caption-attachment-4093\" class=\"wp-caption-text\">Chr\u00e1m Coricancha. Foto: autor.<\/figcaption><\/figure><br \/>\r\n<\/figure>\r\n<p><\/p>\r\n<p><\/p>\r\n<figure class=\"wp-block-image size-large\">\r\n<figure id=\"attachment_4095\" aria-describedby=\"caption-attachment-4095\" style=\"width: 720px\" class=\"wp-caption alignnone\"><img loading=\"lazy\" decoding=\"async\" data-id=\"4095\" class=\"wp-image-4095\" src=\"https:\/\/tom-stehule.com\/wp-content\/uploads\/2022\/06\/Qoricancha-Nejvyznamnejsi-chram-v-Tawantinsuyo8.jpg\" alt=\"Chr\u00e1m Coricancha. Foto: autor.\" width=\"720\" height=\"900\" srcset=\"https:\/\/tom-stehule.com\/wp-content\/uploads\/2022\/06\/Qoricancha-Nejvyznamnejsi-chram-v-Tawantinsuyo8.jpg 720w, https:\/\/tom-stehule.com\/wp-content\/uploads\/2022\/06\/Qoricancha-Nejvyznamnejsi-chram-v-Tawantinsuyo8-240x300.jpg 240w\" sizes=\"auto, (max-width: 720px) 100vw, 720px\" \/><figcaption id=\"caption-attachment-4095\" class=\"wp-caption-text\">Chr\u00e1m Coricancha. Foto: autor.<\/figcaption><\/figure><br \/>\r\n<\/figure>\r\n<p><\/p>\r\n<p><\/p>\r\n<figure class=\"wp-block-image size-large\">\r\n<figure id=\"attachment_4096\" aria-describedby=\"caption-attachment-4096\" style=\"width: 720px\" class=\"wp-caption alignnone\"><img loading=\"lazy\" decoding=\"async\" data-id=\"4096\" class=\"wp-image-4096\" src=\"https:\/\/tom-stehule.com\/wp-content\/uploads\/2022\/06\/Qoricancha-Nejvyznamnejsi-chram-v-Tawantinsuyo9.jpg\" alt=\"Chr\u00e1m Coricancha. Foto: autor.\" width=\"720\" height=\"900\" srcset=\"https:\/\/tom-stehule.com\/wp-content\/uploads\/2022\/06\/Qoricancha-Nejvyznamnejsi-chram-v-Tawantinsuyo9.jpg 720w, https:\/\/tom-stehule.com\/wp-content\/uploads\/2022\/06\/Qoricancha-Nejvyznamnejsi-chram-v-Tawantinsuyo9-240x300.jpg 240w\" sizes=\"auto, (max-width: 720px) 100vw, 720px\" \/><figcaption id=\"caption-attachment-4096\" class=\"wp-caption-text\">Chr\u00e1m Coricancha. Foto: autor.<\/figcaption><\/figure><br \/>\r\n<\/figure>\r\n<p><\/p>\r\n<p><\/p>\r\n<figure class=\"wp-block-image size-large\">\r\n<figure id=\"attachment_4097\" aria-describedby=\"caption-attachment-4097\" style=\"width: 720px\" class=\"wp-caption alignnone\"><img loading=\"lazy\" decoding=\"async\" data-id=\"4097\" class=\"wp-image-4097\" src=\"https:\/\/tom-stehule.com\/wp-content\/uploads\/2022\/06\/Qoricancha-Nejvyznamnejsi-chram-v-Tawantinsuyo10.jpg\" alt=\"Chr\u00e1m Coricancha. Foto: autor.\" width=\"720\" height=\"900\" srcset=\"https:\/\/tom-stehule.com\/wp-content\/uploads\/2022\/06\/Qoricancha-Nejvyznamnejsi-chram-v-Tawantinsuyo10.jpg 720w, https:\/\/tom-stehule.com\/wp-content\/uploads\/2022\/06\/Qoricancha-Nejvyznamnejsi-chram-v-Tawantinsuyo10-240x300.jpg 240w\" sizes=\"auto, (max-width: 720px) 100vw, 720px\" \/><figcaption id=\"caption-attachment-4097\" class=\"wp-caption-text\">Chr\u00e1m Coricancha. Foto: autor.<\/figcaption><\/figure><br \/>\r\n<\/figure>\r\n<p><\/p>\r\n<p><\/p>\r\n<figure class=\"wp-block-image size-large\">\r\n<figure id=\"attachment_4098\" aria-describedby=\"caption-attachment-4098\" style=\"width: 720px\" class=\"wp-caption alignnone\"><img loading=\"lazy\" decoding=\"async\" data-id=\"4098\" class=\"wp-image-4098\" src=\"https:\/\/tom-stehule.com\/wp-content\/uploads\/2022\/06\/Qoricancha-Nejvyznamnejsi-chram-v-Tawantinsuyo11.jpg\" alt=\"Chr\u00e1m Coricancha. Foto: autor.\" width=\"720\" height=\"897\" srcset=\"https:\/\/tom-stehule.com\/wp-content\/uploads\/2022\/06\/Qoricancha-Nejvyznamnejsi-chram-v-Tawantinsuyo11.jpg 720w, https:\/\/tom-stehule.com\/wp-content\/uploads\/2022\/06\/Qoricancha-Nejvyznamnejsi-chram-v-Tawantinsuyo11-241x300.jpg 241w\" sizes=\"auto, (max-width: 720px) 100vw, 720px\" \/><figcaption id=\"caption-attachment-4098\" class=\"wp-caption-text\">Chr\u00e1m Coricancha. Foto: autor.<\/figcaption><\/figure><br \/>\r\n<\/figure>\r\n<p><\/p>\r\n<p><\/p>\r\n<figure class=\"wp-block-image size-large\">\r\n<figure id=\"attachment_4099\" aria-describedby=\"caption-attachment-4099\" style=\"width: 720px\" class=\"wp-caption alignnone\"><img loading=\"lazy\" decoding=\"async\" data-id=\"4099\" class=\"wp-image-4099\" src=\"https:\/\/tom-stehule.com\/wp-content\/uploads\/2022\/06\/Qoricancha-Nejvyznamnejsi-chram-v-Tawantinsuyo12.jpg\" alt=\"Chr\u00e1m Coricancha. Foto: autor.\" width=\"720\" height=\"720\" srcset=\"https:\/\/tom-stehule.com\/wp-content\/uploads\/2022\/06\/Qoricancha-Nejvyznamnejsi-chram-v-Tawantinsuyo12.jpg 720w, https:\/\/tom-stehule.com\/wp-content\/uploads\/2022\/06\/Qoricancha-Nejvyznamnejsi-chram-v-Tawantinsuyo12-300x300.jpg 300w, https:\/\/tom-stehule.com\/wp-content\/uploads\/2022\/06\/Qoricancha-Nejvyznamnejsi-chram-v-Tawantinsuyo12-150x150.jpg 150w\" sizes=\"auto, (max-width: 720px) 100vw, 720px\" \/><figcaption id=\"caption-attachment-4099\" class=\"wp-caption-text\">Chr\u00e1m Coricancha. Foto: autor.<\/figcaption><\/figure><br \/>\r\n<\/figure>\r\n<p><\/p>\r\n<p><\/p>\r\n<figure class=\"wp-block-image size-large\">\r\n<figure id=\"attachment_4100\" aria-describedby=\"caption-attachment-4100\" style=\"width: 720px\" class=\"wp-caption alignnone\"><img loading=\"lazy\" decoding=\"async\" data-id=\"4100\" class=\"wp-image-4100\" src=\"https:\/\/tom-stehule.com\/wp-content\/uploads\/2022\/06\/Qoricancha-Nejvyznamnejsi-chram-v-Tawantinsuyo910.jpg\" alt=\"Chr\u00e1m Coricancha. Foto: autor.\" width=\"720\" height=\"900\" srcset=\"https:\/\/tom-stehule.com\/wp-content\/uploads\/2022\/06\/Qoricancha-Nejvyznamnejsi-chram-v-Tawantinsuyo910.jpg 720w, https:\/\/tom-stehule.com\/wp-content\/uploads\/2022\/06\/Qoricancha-Nejvyznamnejsi-chram-v-Tawantinsuyo910-240x300.jpg 240w\" sizes=\"auto, (max-width: 720px) 100vw, 720px\" \/><figcaption id=\"caption-attachment-4100\" class=\"wp-caption-text\">Chr\u00e1m Coricancha. Foto: autor.<\/figcaption><\/figure><br \/>\r\n<\/figure>\r\n<p><\/p>\r\n<\/figure>\r\n<p><\/p>\r\n<p><\/p>\r\n<p class=\"wp-block-paragraph\">Podle n\u011bkter\u00fdch historik\u016f se za dob <strong>Manco Capaca<\/strong> jednalo o mal\u00fd chr\u00e1m zvan\u00fd Inticancha, zat\u00edmco s&nbsp;p\u0159\u00edchodem Pachacuteka byla stavba kolos\u00e1ln\u00edch rozm\u011br\u016f p\u0159ejmenov\u00e1na na Coricanchu. B\u011bhem dob\u00fdv\u00e1n\u00ed byl chr\u00e1m zni\u010den a vyplen\u011bn. Na jeho z\u00e1kladech byl postaven kostel a kl\u00e1\u0161ter Santo Domingo. Dnes je zde muzeum se v\u0161emi inck\u00fdmi p\u0159edm\u011bty, kter\u00e9 zde byly nalezeny b\u011bhem vykop\u00e1vek.<\/p>\r\n<p><\/p>","protected":false},"excerpt":{"rendered":"<p>Seg\u00fan los cronistas, era uno de los edificios incas m\u00e1s impresionantes. El interior estaba cubierto de pan de oro porque era el principal templo dedicado al sol. Coricancha, Ccorichancha o Qorikancha (en quechua, Quri Kancha, &#8220;Templo Dorado&#8221;) era el principal templo inca dedicado al Sol.<\/p>\n","protected":false},"author":1,"featured_media":4088,"comment_status":"open","ping_status":"open","sticky":false,"template":"","format":"standard","meta":{"colormag_page_container_layout":"default_layout","colormag_page_sidebar_layout":"default_layout","_crdt_document":"","_exactmetrics_skip_tracking":false,"_exactmetrics_sitenote_active":false,"_exactmetrics_sitenote_note":"","_exactmetrics_sitenote_category":0,"__cvm_playback_settings":[],"__cvm_video_id":"","footnotes":""},"categories":[37],"tags":[7,13,5,4,16,43],"class_list":["post-4087","post","type-post","status-publish","format-standard","has-post-thumbnail","hentry","category-historie","tag-historie","tag-inkove","tag-jizni-amerika","tag-peru","tag-tahuantinsuyo","tag-zahady"],"translation":{"provider":"WPGlobus","version":"3.0.2","language":"es","enabled_languages":["cz","es"],"languages":{"cz":{"title":true,"content":true,"excerpt":true},"es":{"title":true,"content":false,"excerpt":true}}},"_links":{"self":[{"href":"https:\/\/tom-stehule.com\/es\/wp-json\/wp\/v2\/posts\/4087","targetHints":{"allow":["GET"]}}],"collection":[{"href":"https:\/\/tom-stehule.com\/es\/wp-json\/wp\/v2\/posts"}],"about":[{"href":"https:\/\/tom-stehule.com\/es\/wp-json\/wp\/v2\/types\/post"}],"author":[{"embeddable":true,"href":"https:\/\/tom-stehule.com\/es\/wp-json\/wp\/v2\/users\/1"}],"replies":[{"embeddable":true,"href":"https:\/\/tom-stehule.com\/es\/wp-json\/wp\/v2\/comments?post=4087"}],"version-history":[{"count":4,"href":"https:\/\/tom-stehule.com\/es\/wp-json\/wp\/v2\/posts\/4087\/revisions"}],"predecessor-version":[{"id":4696,"href":"https:\/\/tom-stehule.com\/es\/wp-json\/wp\/v2\/posts\/4087\/revisions\/4696"}],"wp:featuredmedia":[{"embeddable":true,"href":"https:\/\/tom-stehule.com\/es\/wp-json\/wp\/v2\/media\/4088"}],"wp:attachment":[{"href":"https:\/\/tom-stehule.com\/es\/wp-json\/wp\/v2\/media?parent=4087"}],"wp:term":[{"taxonomy":"category","embeddable":true,"href":"https:\/\/tom-stehule.com\/es\/wp-json\/wp\/v2\/categories?post=4087"},{"taxonomy":"post_tag","embeddable":true,"href":"https:\/\/tom-stehule.com\/es\/wp-json\/wp\/v2\/tags?post=4087"}],"curies":[{"name":"wp","href":"https:\/\/api.w.org\/{rel}","templated":true}]}}