{"id":519,"date":"2023-03-25T00:10:00","date_gmt":"2023-03-24T23:10:00","guid":{"rendered":"http:\/\/tom-stehule.com\/?p=519"},"modified":"2023-03-20T10:09:21","modified_gmt":"2023-03-20T09:09:21","slug":"el-nino-tak-kdysi-trestal-buh-aiapaec","status":"publish","type":"post","link":"https:\/\/tom-stehule.com\/es\/2023\/03\/25\/el-nino-tak-kdysi-trestal-buh-aiapaec\/","title":{"rendered":"\u00bfEl Ni\u00f1o? As\u00ed castigaba el dios Aiapaec."},"content":{"rendered":"<p><span style=\"font-size: 16px; font-family: arial, helvetica, sans-serif;\">Vzhledem k&nbsp;posledn\u00edm ud\u00e1lostem v&nbsp;Peru a pr\u016fb\u011bhu aktu\u00e1ln\u00edch z\u00e1plav, kter\u00e9 s&nbsp;sebou p\u0159inesl jev zvan\u00fd El Ni\u00f1o, jsem se rozhodl dohledat zdroje a napsal \u010dl\u00e1nek o t\u011bchto staronov\u00fdch souvislostech.<\/span><\/p>\n<p><span style=\"font-size: 16px; font-family: arial, helvetica, sans-serif;\">Vrto\u0161iv\u00fd je b\u016fh Aiapaec, jeden z&nbsp;hlavn\u00edch boh\u016f kultury Moche. [1] Tyran, kter\u00e9ho se v\u0161ichni b\u00e1li a z\u00e1rove\u0148 ho zbo\u017e\u0148ovali, a kter\u00fd je naz\u00fdv\u00e1m i katem. Byl uct\u00edv\u00e1n jako b\u016fh stvo\u0159itel, poskytovatel \u017eivotod\u00e1rn\u00e9 vody. A jako ka\u017ed\u00e9 bo\u017estvo, to, co n\u00e1m d\u00e1v\u00e1, n\u00e1m tak\u00e9 m\u016f\u017ee vz\u00edt. On byl v&nbsp;jejich o\u010d\u00edch ten, kdo na n\u011b mohl seslat El Ni\u00f1o a proto bylo nutn\u00e9 mu p\u0159in\u00e1\u0161et lidsk\u00e9 ob\u011bti, aby byla zaji\u0161t\u011bna jeho n\u00e1klonnost.<\/span><\/p>\n<p><span style=\"font-size: 16px; font-family: arial, helvetica, sans-serif;\">Hou\u017eevnat\u00ed a bojovn\u00ed p\u0159\u00edslu\u0161n\u00edci n\u00e1roda Moche, mezi 1.&nbsp;a 7.&nbsp;stolet\u00edm na\u0161eho letopo\u010dtu vykopali kan\u00e1ly v&nbsp;pou\u0161ti, aby mohli zavla\u017eovat svoje pole a zm\u011bnit suchou p\u016fdu v&nbsp;\u00farodn\u00e9 \u00fadol\u00ed. Tak\u00e9 jejich pal\u00e1ce a chr\u00e1my postaven\u00e9 z&nbsp;milion\u016f hlin\u011bn\u00fdch cihel adobe, vypr\u00e1v\u011bj\u00ed o jejich velkoleposti. Ale p\u0159ibli\u017en\u011b na konci roku 700 tuto sofistikovanou kulturu postihl n\u00e1hl\u00fd konec. Drastick\u00e9 zm\u011bny klimatu, zp\u016fsoben\u00e9 \u0159adou p\u0159\u00edrodn\u00edch katastrof, kter\u00e1 zas\u00e1hla severn\u00ed pob\u0159e\u017e\u00ed Peru, kde se tato kultura vyvinula, ukon\u010dily jejich byt\u00ed.<\/span><\/p>\n<figure id=\"attachment_522\" aria-describedby=\"caption-attachment-522\" style=\"width: 400px\" class=\"wp-caption alignright\"><img loading=\"lazy\" decoding=\"async\" class=\"wp-image-522\" src=\"https:\/\/tom-stehule.com\/wp-content\/uploads\/2017\/03\/58d16d7638b34-300x225.jpeg\" alt=\"Foto: Trome.pe\" width=\"400\" height=\"301\" srcset=\"https:\/\/tom-stehule.com\/wp-content\/uploads\/2017\/03\/58d16d7638b34-300x225.jpeg 300w, https:\/\/tom-stehule.com\/wp-content\/uploads\/2017\/03\/58d16d7638b34.jpeg 700w\" sizes=\"auto, (max-width: 400px) 100vw, 400px\" \/><figcaption id=\"caption-attachment-522\" class=\"wp-caption-text\"><span style=\"font-size: 16px; font-family: arial, helvetica, sans-serif;\">Trujillo &#8211; centrum, 21.3.2017<\/span><\/figcaption><\/figure>\n<p><span style=\"font-size: 16px; font-family: arial, helvetica, sans-serif;\">Do t\u00e9 doby se civilizace Mochik\u016f roz\u0161i\u0159ovala na sever \u00fadol\u00edm \u0159eky Jequetepeque, kde existovaly jejich centra jako San Jos\u00e9 de Moro nebo huaca Dos Cabezas, a d\u00e1le kolem \u0159eky Lambayeque, kde nejv\u00fdznamn\u011bj\u0161\u00ed byl Sip\u00e1n [2] a Pampa Grande. Na jihu obsadili \u00fadol\u00ed \u0159eky Moche, pobl\u00ed\u017e dne\u0161n\u00edho m\u011bsta Trujillo, kde se nach\u00e1zej\u00ed pyramidy Huaca del Sol a Huaca de la Luna. [3] Nem\u00e9n\u011b v\u00fdznamn\u00e9 je \u00fadol\u00ed \u0159eky Chicama, kde se nal\u00e9z\u00e1 ceremoni\u00e1ln\u00ed komplex El Brujo. [4]<\/span><\/p>\n<p><span style=\"font-size: 16px; font-family: arial, helvetica, sans-serif;\">Sever a jih Peru jsou oblasti, kde panuje velk\u00e9 sucho. Ale Mochikov\u00e9 porazili pou\u0161\u0165 d\u00edky um\u011bl\u00e9mu zavla\u017eov\u00e1n\u00ed. Za pou\u017eit\u00ed nep\u00e1len\u00fdch cihel odklonili tok vody z&nbsp;\u0159ek a vytvo\u0159ili s\u00ed\u0165 potrub\u00ed, z&nbsp;nich\u017e mnoh\u00e9 se vyu\u017e\u00edvaj\u00ed dodnes. D\u00edky tomu mohli vyprodukovat v\u00edce ne\u017e t\u0159icet druh\u016f plodin, co\u017e jim umo\u017enilo m\u00edt velk\u00e9 zem\u011bd\u011blsk\u00e9 p\u0159ebytky. Podle archeologa <strong>Waltera Alvy<\/strong>, \u0159editele muzea Kr\u00e1lovsk\u00e9 hrobky Se\u00f1ora de Sip\u00e1n, tento n\u00e1dhern\u00fd zavla\u017eovac\u00ed syst\u00e9m trp\u011bl vysok\u00fdm rizikem kolapsu. \u201c<em>N\u00e1rod, kter\u00fd \u017eije ze zem\u011bd\u011blstv\u00ed v&nbsp;pou\u0161ti je trvale vystaven t\u011bmto dv\u011bma probl\u00e9m\u016fm: de\u0161\u0165\u016fm a suchu. Dva protich\u016fdn\u00e9 jevy, kter\u00e9 nakonec m\u016f\u017eou ukon\u010dit spole\u010denstv\u00ed,<\/em>&#8220;vysv\u011btluje.<\/span><\/p>\n<p><span style=\"font-size: 16px; font-family: arial, helvetica, sans-serif;\">Nicm\u00e9n\u011b, v&nbsp;6.&nbsp;stolet\u00ed se tato sofistikovan\u00e1 spole\u010dnost, postaven\u00e1 na k\u0159ehk\u00e9 ekologick\u00e9 rovnov\u00e1ze, za\u010dala dost\u00e1vat pod n\u00e1por jevu El Ni\u00f1o, a za\u010dala trp\u011bt p\u0159\u00edvalov\u00fdmi sr\u00e1\u017ekami. I kdy\u017e tento jev pravideln\u011b ovliv\u0148uje sever, to, \u010d\u00edm trp\u011bli Mochikov\u00e9, byly dlouhotrvaj\u00edc\u00ed povodn\u011b, kter\u00e9 zpusto\u0161ily region b\u011bhem v\u00edce ne\u017e t\u0159iceti let. Povodn\u011bmi zne\u010di\u0161t\u011bn\u00e9 kan\u00e1ly a prameny a jimi zp\u016fsoben\u00e9 eroze, naru\u0161ilo tis\u00edce hektar\u016f plodin.<\/span><\/p>\n<p><span style=\"font-size: 16px; font-family: arial, helvetica, sans-serif;\">Je zaj\u00edmav\u00e9, \u017ee u Mochik\u016f nebyla nalezena \u017e\u00e1dn\u00e1 ikonografie, kter\u00e1 by zobrazovala z\u00e1plavy a jejich vlastn\u00ed zni\u010den\u00ed (jako tomu bylo v&nbsp;p\u0159\u00edpad\u011b kultury Caral, pozn. TS). Projevy uct\u00edv\u00e1n\u00ed a ritu\u00e1l\u016f v\u011bnovan\u00fdch vod\u011b, maj\u00ed sp\u00ed\u0161e sm\u00edr\u010d\u00ed v\u00fdznam. Nicm\u00e9n\u011b, archeologov\u00e9 maj\u00ed za to, \u017ee existuj\u00ed sign\u00e1ly propojen\u00ed mo\u010dick\u00fdch chr\u00e1m\u016f s&nbsp;p\u0159\u00edpady p\u0159\u00edvalov\u00fdch de\u0161\u0165\u016f. &#8220;<em>V p\u0159\u00edpad\u011b Sip\u00e1nu jsme zjistili, \u017ee kolem \u010dtvrt\u00e9ho stolet\u00ed nastal jev, kter\u00fd siln\u011b naru\u0161il tuto pam\u00e1tku (pyramidu, pozn. TS.), a pot\u00e9 prob\u00edhala rekonstrukce,<\/em>&#8221; uvedl archeolog.<\/span><br \/>\n<span style=\"font-size: 16px; font-family: arial, helvetica, sans-serif;\"> Tyto stra\u0161liv\u00e9 povodn\u011b zne\u010distily vodn\u00ed toky a prameny a nahlodaly tis\u00edce hektar\u016f orn\u00e9 p\u016fdy. Rozpustily se pal\u00e1ce a pyramidy postaven\u00e9 z&nbsp;nep\u00e1len\u00fdch cihel adobe a tento smrt\u00edc\u00ed koktejl se p\u0159ehnal p\u0159es vesnice postaven\u00e9 ze stejn\u00e9ho materi\u00e1lu. \u00damrt\u00ed, kter\u00e9 zp\u016fsobily povodn\u011b se p\u0159elily do n\u00e1sledn\u00fdch hore\u010dek a epidemi\u00ed.<\/span><\/p>\n<p><span style=\"font-size: 16px; font-family: arial, helvetica, sans-serif;\">Podle v\u011bdc\u016f, povode\u0148 n\u00e1sledovala po obdob\u00ed sucha, kter\u00e9 trvalo celkem t\u0159icet let. Ve druh\u00e9 polovin\u011b 5.&nbsp;stolet\u00ed do\u0161lo na pob\u0159e\u017e\u00ed ke sn\u00ed\u017een\u00ed p\u0159\u00edtoku vody poch\u00e1zej\u00edc\u00ed z&nbsp;And. To znamen\u00e1, \u017ee hladomor byl zp\u016fsoben\u00fd zem\u011bd\u011blskou katastrofou n\u00e1sledkem sucha. O n\u011bkolik let pozd\u011bji se vr\u00e1tily p\u0159\u00edvalov\u00e9 de\u0161t\u011b n\u00e1sledovan\u00e9 nov\u00fdmi such\u00fdmi l\u00e9ty.<\/span><\/p>\n<p><span style=\"font-size: 16px; font-family: arial, helvetica, sans-serif;\">Tyto dramatick\u00e9 klimatick\u00e9 kontrasty hluboce oslabily z\u00e1klady ekonomiky spole\u010dnosti Mo\u010dik\u016f. &#8220;<em>Zhroucen\u00ed p\u0159i\u0161lo nejen na z\u00e1klad\u011b kolapsu jejich v\u00fdrobn\u00edho syst\u00e9mu, ale do\u0161lo i ke zhroucen\u00ed cel\u00e9 soci\u00e1ln\u00ed struktury. A tak vl\u00e1dnouc\u00ed t\u0159\u00edda u\u017e nem\u011bla schopnost \u0159\u00eddit a po\u017eadovat nadm\u011brnou produkci po obyvatel\u00edch.<\/em>\u201d vysv\u011btluje Alva a dopl\u0148uje, \u017ee \u201c<em>Peru\u00e1nsk\u00e9 pob\u0159e\u017e\u00ed m\u00e1 mimo\u0159\u00e1dnou k\u0159ehkost.<\/em>&#8220;<\/span><\/p>\n<p><span style=\"font-size: 16px; font-family: arial, helvetica, sans-serif;\">Je zn\u00e1mo, \u017ee na konci 7.&nbsp;stolet\u00ed, nov\u00fd jev El Ni\u00f1o zdevastoval velkou \u010d\u00e1st zavla\u017eovac\u00edch syst\u00e9m\u016f bl\u00edzko Pampa Grande a Galindo, a obyvatel\u00e9 tak za\u010dali rychle opou\u0161t\u011bt tato centra. Populace se za\u010dala drobit na men\u0161\u00ed samostatn\u00e9 celky, a t\u00edm rozm\u011bl\u0148ovala politick\u00fd syst\u00e9m Mo\u010dik\u016f, kter\u00fd se n\u00e1sledn\u011b zhroutil. A kone\u010dn\u011b, posledn\u00edm h\u0159eb\u00ed\u010dkem do rakve byl r\u016fst st\u00e1tu kultury Wari, kter\u00e1 d\u00edky sv\u00e9 vojensk\u00e9 s\u00edle brzy p\u0159ipojila ke sv\u00e9mu \u00fazem\u00ed pob\u0159e\u017en\u00ed a st\u0159edohorsk\u00e9 panstv\u00ed. A podobn\u011b jako povstal z&nbsp;popela b\u00e1jn\u00fd F\u00e9nix, tak povstala z&nbsp;popela kultury Moche nov\u00e1 \u0159\u00ed\u0161e.<\/span><\/p>\n<p><span style=\"font-size: 16px; font-family: arial, helvetica, sans-serif;\"><strong>Posti\u017eena nebyla jen kultura Moche&#8230;<\/strong><\/span><\/p>\n<figure id=\"attachment_523\" aria-describedby=\"caption-attachment-523\" style=\"width: 600px\" class=\"wp-caption aligncenter\"><img loading=\"lazy\" decoding=\"async\" class=\"wp-image-523\" src=\"https:\/\/tom-stehule.com\/wp-content\/uploads\/2017\/03\/445665-300x172.jpg\" alt=\"H\u0159bitov Laredo, Trujillo, 15.3. 2017. REUTERS\/Douglas Juarez\" width=\"600\" height=\"344\" srcset=\"https:\/\/tom-stehule.com\/wp-content\/uploads\/2017\/03\/445665-300x172.jpg 300w, https:\/\/tom-stehule.com\/wp-content\/uploads\/2017\/03\/445665-768x441.jpg 768w, https:\/\/tom-stehule.com\/wp-content\/uploads\/2017\/03\/445665.jpg 924w\" sizes=\"auto, (max-width: 600px) 100vw, 600px\" \/><figcaption id=\"caption-attachment-523\" class=\"wp-caption-text\"><span style=\"font-size: 16px; font-family: arial, helvetica, sans-serif;\">Vyplaven\u00fd h\u0159bitov Laredo, Trujillo, 15.3.&nbsp;2017. REUTERS\/Douglas Juarez<\/span><\/figcaption><\/figure>\n<p><span style=\"font-size: 16px; font-family: arial, helvetica, sans-serif;\">Jak vysv\u011btluje Walter Alva, jev El Ni\u00f1o nen\u00ed sv\u00e1zan\u00fd jen s&nbsp;kulturou Moche, ale byl ur\u010duj\u00edc\u00edm faktorem p\u00e1du jin\u00fdch civilizac\u00ed rozvinut\u00fdch v&nbsp;t\u00e9to oblasti. &#8220;<em>Je to mnohem star\u0161\u00ed probl\u00e9m,<\/em>&#8221; \u0159\u00edk\u00e1 archeolog. &#8220;<em>Zjistili jsme zn\u00e1mky katastrofick\u00fdch ud\u00e1lost\u00ed, kter\u00e9 by i dnes bylo nemysliteln\u00e9 zvl\u00e1dnout. P\u0159\u00edklad spole\u010dnosti, kter\u00e1 musela opustit sv\u00e9 m\u00edsto a p\u0159est\u011bhovat se jinam najdeme v&nbsp;Lambayeque. Jedn\u00e1 se o komplex Purul\u00e9n, datovan\u00fd do obdob\u00ed asi 1200 p\u0159ed na\u0161\u00edm letopo\u010dtem.<\/em>&#8221; [5] Ve skute\u010dnosti se jedn\u00e1 o rozs\u00e1hlou archeologickou lokalitu, zahrnuj\u00edc\u00ed mno\u017estv\u00ed konstrukc\u00ed, architektonick\u00fdch a prostorov\u00fdch charakteristik.<\/span><\/p>\n<p><span style=\"font-size: 16px; font-family: arial, helvetica, sans-serif;\">&#8220;<em>V Purul\u00e9nu kdysi existoval velk\u00fd semi-urbanistick\u00fd celek, kter\u00fd se zhroutil. Hovo\u0159\u00edme o m\u011bstsk\u00e9m uskupen\u00ed s&nbsp;16 chr\u00e1my a domy, zcela z\u00e1visl\u00fdch na zem\u011bd\u011blstv\u00ed a rybolovu. Stalo se, \u017ee \u0159eka Za\u00f1a zm\u011bnila tok a zlikvidovala v\u0161echna pole v&nbsp;okol\u00ed. Lid\u00e9 museli opustit m\u00edsto, proto\u017ee nemohli zas\u00edt. Ale pravd\u011bpodobn\u011b to postihlo i rybolov. Existuj\u00ed n\u00e1znaky, \u017ee chr\u00e1my a okoln\u00ed vesnice byly opu\u0161t\u011bn\u00e9 velmi, velmi rychle. A po opu\u0161t\u011bn\u00ed hlavn\u00edho s\u00eddla, do\u0161lo k&nbsp;rozpt\u00fdlen\u00ed jednotliv\u00fdch vesnic po cel\u00e9m \u00fadol\u00ed,<\/em> &#8221; vysv\u011btluje. [6]<\/span><\/p>\n<p><span style=\"font-size: 16px; font-family: arial, helvetica, sans-serif;\">Podobn\u011b Alva popisuje i p\u0159\u00edpad zhroucen\u00ed kultury Lambayeque, kolem roku 1100, z&nbsp;d\u016fvodu povodn\u00ed, kter\u00e9 zni\u010dily v\u0161echny zavla\u017eovac\u00ed syst\u00e9my a pot\u00e9 n\u00e1sledovalo letit\u00e9 sucho. &#8220;<em>El Ni\u00f1o byl v\u017edy katastrof\u00e1ln\u00ed probl\u00e9m,<\/em>&#8221; \u0159\u00edk\u00e1 Alva.<\/span><\/p>\n<p><span style=\"font-size: 16px; font-family: arial, helvetica, sans-serif;\">Pro objevitele hrobky P\u00e1na ze Sip\u00e1nu, je p\u0159\u00edb\u011bh zmizel\u00fdch civilizac\u00ed ze severu t\u00edm, co by m\u011blo p\u0159iv\u00e9st dne\u0161n\u00ed lidi k&nbsp;jin\u00e9mu uva\u017eov\u00e1n\u00ed. &#8220;<em>Mus\u00edme pochopit, \u017ee tam, kde jsou such\u00e1 koryta \u0159ek, tam se voda jednou vr\u00e1t\u00ed,<\/em>&#8221; \u0159\u00edk\u00e1. To je dilema, kter\u00e9 m\u00e1me pro budoucnost, proto\u017ee t\u00e9m\u011b\u0159 v\u0161echna nov\u00e1 m\u011bsta peru\u00e1nsk\u00e9ho pob\u0159e\u017e\u00ed nerespektuj\u00ed jejich n\u011bkter\u00e9 p\u0159edkolumbovsk\u00e9 vzory. &#8220;<em>Byly zalo\u017eeny podle evropsk\u00e9ho vzoru, kde je zvykem usadit se v&nbsp;bl\u00edzkosti \u0159eky. Ale v&nbsp;peru\u00e1nsk\u00fdch \u00fadol\u00edch oblasti v&nbsp;bl\u00edzkosti \u0159ek budou v\u017edy trp\u011bt z\u00e1plavami. Mus\u00ed se myslet moud\u0159e a ne nad\u00e1le stav\u011bt uvnit\u0159 such\u00fdch koryt, nebo u b\u0159eh\u016f \u0159ek \u010di potok\u016f. Vid\u00edme, \u017ee m\u011bsta jako Piura, Chiclayo a Trujillo jsou postaveny takto \u0161patn\u011b. Je to lekce, kterou mus\u00edme vst\u0159ebat a pe\u010dliv\u011b studovat.<\/em>&#8220;<\/span><\/p>\n<p><span style=\"font-size: 16px; font-family: arial, helvetica, sans-serif;\">B\u011bhem posledn\u00edch dn\u00ed, kdy Trujillo postihlo n\u011bkolik z\u00e1plavov\u00fdch vln, archeologick\u00fd komplex m\u011bsta <strong>Chan Chan<\/strong> z\u016fstal jako z\u00e1zrakem neporu\u0161en\u00fd, a\u010dkoliv t\u00e9m\u011b\u0159 cel\u00e9 nov\u00e9 m\u011bsto je pod vodou. Bylo toti\u017e vystav\u011bno inteligentn\u011b v&nbsp;prostoru, mimo dosah \u0159ek. Existuje tak\u00e9 legenda, kter\u00e1 \u0159\u00edk\u00e1, \u017ee p\u016fvodn\u00ed obyvatel\u00e9 Chim\u016f byli ti, kte\u0159\u00ed &#8220;doporu\u010dili&#8221; Diego de Almagrovi, aby zalo\u017eil nov\u00e9 m\u011bsto p\u0159esn\u011b tam, kde se vyl\u00e9v\u00e1 \u0159eka San Idelfonso.<\/span><\/p>\n<p><span style=\"font-size: 16px; font-family: arial, helvetica, sans-serif;\">Mohla to b\u00fdt jejich pomsta budouc\u00edm generac\u00edm ?<\/span><\/p>\n<p><span style=\"font-size: 16px; font-family: arial, helvetica, sans-serif;\"><figure class=\"wp-block-embed wp-block-embed-youtube is-type-video is-provider-youtube epyt-figure\"><div class=\"wp-block-embed__wrapper\"><iframe loading=\"lazy\"  id=\"_ytid_24527\"  width=\"800\" height=\"450\"  data-origwidth=\"800\" data-origheight=\"450\" src=\"https:\/\/www.youtube.com\/embed\/R46dSGJPiMQ?enablejsapi=1&autoplay=0&cc_load_policy=0&cc_lang_pref=&iv_load_policy=1&loop=0&rel=1&fs=1&playsinline=0&autohide=2&theme=dark&color=red&controls=1&disablekb=0&\" class=\"__youtube_prefs__  no-lazyload\" title=\"YouTube player\"  allow=\"fullscreen; accelerometer; autoplay; clipboard-write; encrypted-media; gyroscope; picture-in-picture; web-share\" referrerpolicy=\"strict-origin-when-cross-origin\" allowfullscreen data-no-lazy=\"1\" data-skipgform_ajax_framebjll=\"\"><\/iframe><\/div><\/figure><\/span><\/p>\n<p><span style=\"font-size: 16px; font-family: arial, helvetica, sans-serif;\">16.3. Trujillo, \u010dtvr\u0165 Porvenir.<\/span><\/p>\n<p><span style=\"font-size: 16px; font-family: arial, helvetica, sans-serif;\">Zdroje:<\/span><\/p>\n<p><span style=\"font-size: 16px; font-family: arial, helvetica, sans-serif;\">[1] St\u011bhule, T.: Mochikov\u00e9 \u2013 stavitel\u00e9 hlin\u011bn\u00fdch pyramid. T. St\u011bhule, 20.1.2017. Online: <a href=\"https:\/\/tom-stehule.com\/2017\/01\/20\/mochikove-stavitele-hlinenych-pyramid\/\" target=\"_blank\" rel=\"noopener\">https:\/\/tom-stehule.com\/2017\/01\/20\/mochikove-stavitele-hlinenych-pyramid\/<\/a><\/span><br \/>\n<span style=\"font-size: 16px; font-family: arial, helvetica, sans-serif;\"> [2] Se\u00f1or de Sip\u00e1n. Wikipedia. Online: <a href=\"https:\/\/es.wikipedia.org\/wiki\/Se%C3%B1or_de_Sip%C3%A1n\" target=\"_blank\" rel=\"noopener\">https:\/\/es.wikipedia.org\/wiki\/Se%C3%B1or_de_Sip%C3%A1n <\/a><\/span><br \/>\n<span style=\"font-size: 16px; font-family: arial, helvetica, sans-serif;\"> [3] St\u011bhule, T.: Mochikov\u00e9 \u2013 stavitel\u00e9 hlin\u011bn\u00fdch pyramid. T. St\u011bhule, 20.1.2017. Online: <a href=\"https:\/\/tom-stehule.com\/2017\/01\/20\/mochikove-stavitele-hlinenych-pyramid\/\" target=\"_blank\" rel=\"noopener\">https:\/\/tom-stehule.com\/2017\/01\/20\/mochikove-stavitele-hlinenych-pyramid\/<\/a><\/span><br \/>\n<span style=\"font-size: 16px; font-family: arial, helvetica, sans-serif;\"> [4] El Brujo (sitio arqueol\u00f3gico). Wikipedia. Online: <a href=\"https:\/\/es.wikipedia.org\/wiki\/El_Brujo_(sitio_arqueol%C3%B3gico)\" target=\"_blank\" rel=\"noopener\">https:\/\/es.wikipedia.org\/wiki\/El_Brujo_(sitio_arqueol%C3%B3gico)<\/a><\/span><br \/>\n<span style=\"font-size: 16px; font-family: arial, helvetica, sans-serif;\"> [5] Enrique Planas: Los moches y El Ni\u00f1o: as\u00ed castigaba al norte el dios Aiapaec. 20.03.2017. Online: <a href=\"http:\/\/elcomercio.pe\/luces\/libros\/moches-y-nino-asi-castigaba-al-norte-dios-aiapaec-noticia-1977264\" target=\"_blank\" rel=\"noopener\">http:\/\/elcomercio.pe\/luces\/libros\/moches-y-nino-asi-castigaba-al-norte-dios-aiapaec-noticia-1977264<\/a><\/span><br \/>\n<span style=\"font-size: 16px; font-family: arial, helvetica, sans-serif;\"> [6] Enrique Planas: Los moches y El Ni\u00f1o: as\u00ed castigaba al norte el dios Aiapaec. 20.03.2017. Online: <a href=\"http:\/\/elcomercio.pe\/luces\/libros\/moches-y-nino-asi-castigaba-al-norte-dios-aiapaec-noticia-1977264\" target=\"_blank\" rel=\"noopener\">http:\/\/elcomercio.pe\/luces\/libros\/moches-y-nino-asi-castigaba-al-norte-dios-aiapaec-noticia-1977264<\/a><\/span><\/p>\n","protected":false},"excerpt":{"rendered":"<p>Debido a los recientes acontecimientos en Per\u00fa y al curso de las actuales inundaciones provocadas por el fen\u00f3meno llamado El Ni\u00f1o, decid\u00ed rastrear las fuentes y escrib\u00ed un art\u00edculo sobre este antiguo contexto.<\/p>\n","protected":false},"author":1,"featured_media":521,"comment_status":"open","ping_status":"open","sticky":false,"template":"","format":"standard","meta":{"colormag_page_container_layout":"default_layout","colormag_page_sidebar_layout":"default_layout","_crdt_document":"","_exactmetrics_skip_tracking":false,"_exactmetrics_sitenote_active":false,"_exactmetrics_sitenote_note":"","_exactmetrics_sitenote_category":0,"__cvm_playback_settings":[],"__cvm_video_id":"","footnotes":""},"categories":[3],"tags":[34,8,5,33,4,48,6],"class_list":["post-519","post","type-post","status-publish","format-standard","has-post-thumbnail","hentry","category-archeologie","tag-archeologie","tag-chan-chan","tag-jizni-amerika","tag-moche","tag-peru","tag-pocasi","tag-trujillo"],"translation":{"provider":"WPGlobus","version":"3.0.2","language":"es","enabled_languages":["cz","es"],"languages":{"cz":{"title":true,"content":true,"excerpt":true},"es":{"title":true,"content":false,"excerpt":true}}},"_links":{"self":[{"href":"https:\/\/tom-stehule.com\/es\/wp-json\/wp\/v2\/posts\/519","targetHints":{"allow":["GET"]}}],"collection":[{"href":"https:\/\/tom-stehule.com\/es\/wp-json\/wp\/v2\/posts"}],"about":[{"href":"https:\/\/tom-stehule.com\/es\/wp-json\/wp\/v2\/types\/post"}],"author":[{"embeddable":true,"href":"https:\/\/tom-stehule.com\/es\/wp-json\/wp\/v2\/users\/1"}],"replies":[{"embeddable":true,"href":"https:\/\/tom-stehule.com\/es\/wp-json\/wp\/v2\/comments?post=519"}],"version-history":[{"count":11,"href":"https:\/\/tom-stehule.com\/es\/wp-json\/wp\/v2\/posts\/519\/revisions"}],"predecessor-version":[{"id":4705,"href":"https:\/\/tom-stehule.com\/es\/wp-json\/wp\/v2\/posts\/519\/revisions\/4705"}],"wp:featuredmedia":[{"embeddable":true,"href":"https:\/\/tom-stehule.com\/es\/wp-json\/wp\/v2\/media\/521"}],"wp:attachment":[{"href":"https:\/\/tom-stehule.com\/es\/wp-json\/wp\/v2\/media?parent=519"}],"wp:term":[{"taxonomy":"category","embeddable":true,"href":"https:\/\/tom-stehule.com\/es\/wp-json\/wp\/v2\/categories?post=519"},{"taxonomy":"post_tag","embeddable":true,"href":"https:\/\/tom-stehule.com\/es\/wp-json\/wp\/v2\/tags?post=519"}],"curies":[{"name":"wp","href":"https:\/\/api.w.org\/{rel}","templated":true}]}}