{"id":798,"date":"2018-08-04T00:10:54","date_gmt":"2018-08-03T22:10:54","guid":{"rendered":"http:\/\/tom-stehule.com\/?p=798"},"modified":"2018-07-28T10:41:29","modified_gmt":"2018-07-28T08:41:29","slug":"sexualni-otrokyne-v-peruanske-sekte","status":"publish","type":"post","link":"https:\/\/tom-stehule.com\/es\/2018\/08\/04\/sexualni-otrokyne-v-peruanske-sekte\/","title":{"rendered":"Sexu\u00e1ln\u00ed otrokyn\u011b v&nbsp;jihoamerick\u00fdch sekt\u00e1ch"},"content":{"rendered":"<p><span style=\"font-family: arial, helvetica, sans-serif; font-size: 16px;\"><b>Po\u010d\u00e1tkem roku 2017 vzbudil medi\u00e1ln\u00ed z\u00e1jem p\u0159\u00edpad poh\u0159e\u0161ovan\u00e9 \u0161pan\u011blsk\u00e9 d\u00edvky Patricie Aguilar. Teprve devaten\u00e1ctilet\u00e1 d\u00edvka byla pozd\u011bji nalezen\u00e1 v&nbsp;Peru, po boku v\u016fdce latinskoamerick\u00e9 sekty jm\u00e9nem Gnosis. Z\u00e1le\u017eitost tak vyvolala polemiku nad p\u016fsoben\u00edm r\u016fzn\u00fdch n\u00e1bo\u017eensk\u00fdm skupin v&nbsp;t\u00e9to \u010d\u00e1sti sv\u011bta.<\/b><\/span><\/p>\n<p><!--more--><\/p>\n<p><span style=\"font-weight: 400; font-family: arial, helvetica, sans-serif; font-size: 16px;\">Sekty jsou po cel\u00e9 Ji\u017en\u00ed Americe velk\u00fdm probl\u00e9mem, kter\u00fd nem\u00e1 jednoduch\u00e9 \u0159e\u0161en\u00ed. Tak\u00e9 nejednozna\u010dn\u00e9 pr\u00e1vn\u00ed p\u0159edpisy velmi znesnad\u0148uj\u00ed policejn\u00ed pr\u00e1ci. Skladba m\u00edstn\u00edho obyvatelstva d\u011bl\u00e1 z&nbsp;Ji\u017en\u00ed Ameriky r\u00e1j pro sekty typu \u201cNew Age\u201d. Ty se \u010dasto zahaluj\u00ed do h\u00e1v\u016f r\u016fzn\u00fdch c\u00edrkv\u00ed, odno\u017e\u00ed katolick\u00e9 c\u00edrkve, atp., co\u017e podporuje n\u00e1r\u016fst jejich obl\u00edbenosti.\u00a0<\/span><span style=\"font-weight: 400; font-family: arial, helvetica, sans-serif; font-size: 16px;\">Velk\u00fd v\u00fdznam ve verbov\u00e1n\u00ed hraje i soci\u00e1ln\u00ed rozlo\u017een\u00ed obyvatelstva, chudoba a n\u00edzk\u00e9 vzd\u011bl\u00e1n\u00ed. Lid\u00e9 bez vzd\u011bl\u00e1n\u00ed inklinuj\u00ed k&nbsp;r\u016fzn\u00fdm pseudon\u00e1bo\u017eenstv\u00edm daleko \u010dast\u011bji a sn\u00e1z, ne\u017e lid\u00e9 vzd\u011blan\u011bj\u0161\u00ed. Ale i lid\u00e9 vzd\u011blan\u011bj\u0161\u00ed nejsou v\u016f\u010di pe\u010dliv\u011b zam\u011b\u0159en\u00e9 agitaci sekt v\u017edy imunn\u00ed. S\u00e1m jsem se \u010dasto divil, jak na mal\u00fdch jihoamerick\u00fdch m\u011bstech skv\u011ble funguj\u00ed r\u016fzn\u00e9 odno\u017ee c\u00edrkv\u00ed, a kolik jich tam m\u016f\u017ee koexistovat vedle sebe.<br \/>\n<\/span><span style=\"font-family: arial, helvetica, sans-serif;\">M\u00edstn\u00ed toti\u017e inklinuj\u00ed k&nbsp;v\u00ed\u0159e a k&nbsp;r\u016fzn\u00fdm pov\u011br\u00e1m daleko v\u00edce, ne\u017e lid\u00e9 v&nbsp;Evrop\u011b, a tak je pro n\u011b doslova pot\u0159ebou \u201cn\u011bkam pat\u0159it\u201d.\u00a0<\/span><span style=\"font-weight: 400; font-family: arial, helvetica, sans-serif; font-size: 16px;\">Je to tak\u00e9 jejich mentalitou, kdy u\u017e od dob p\u0159edkolumbovsk\u00fdch kultur p\u0159isuzovali r\u016fzn\u00fdm \u00fakaz\u016fm velkou v\u00e1hu. Takov\u00ed lid\u00e9, pokud se s&nbsp;nimi \u00a0um\u00ed pracovat, najdou tu \u201cspr\u00e1vnou\u201d v\u00edru t\u00e9m\u011b\u0159 v\u017edy v&nbsp;nep\u0159ebern\u00e9 nab\u00eddce. Mo\u017en\u00e1 proto se sekt\u00e1m na druh\u00e9 polokouli tak da\u0159\u00ed.<\/span><\/p>\n<p><figure id=\"attachment_2232\" aria-describedby=\"caption-attachment-2232\" style=\"width: 300px\" class=\"wp-caption alignright\"><img loading=\"lazy\" decoding=\"async\" class=\"wp-image-2232 size-medium\" src=\"https:\/\/tom-stehule.com\/wp-content\/uploads\/2017\/07\/07_01_17-PATRICIA-AGUILAR-POVEDA1-1-300x288.jpg\" alt=\"\" width=\"300\" height=\"288\" srcset=\"https:\/\/tom-stehule.com\/wp-content\/uploads\/2017\/07\/07_01_17-PATRICIA-AGUILAR-POVEDA1-1-300x288.jpg 300w, https:\/\/tom-stehule.com\/wp-content\/uploads\/2017\/07\/07_01_17-PATRICIA-AGUILAR-POVEDA1-1.jpg 417w\" sizes=\"auto, (max-width: 300px) 100vw, 300px\" \/><figcaption id=\"caption-attachment-2232\" class=\"wp-caption-text\"><span style=\"font-family: arial, helvetica, sans-serif;\">Patricia Aguilar. Zdroj [internet]<\/span><\/figcaption><\/figure><span style=\"font-weight: 400; font-family: arial, helvetica, sans-serif; font-size: 16px;\">P\u0159\u00edpad Patricie je exempl\u00e1rn\u00edm p\u0159\u00edpadem d\u00edvky, kter\u00e1 se v&nbsp;emo\u010dn\u011b vypjat\u00e9 dob\u011b (\u00famrt\u00ed v&nbsp;rodin\u011b), setkala s&nbsp;nezn\u00e1m\u00fdm mu\u017eem prost\u0159ednictv\u00edm soci\u00e1ln\u00edch s\u00edt\u00ed, kde doty\u010dn\u00fd vystupoval pod n\u011bkolika fale\u0161n\u00fdmi profily, a v&nbsp;tajnosti b\u011bhem pouh\u00fdch p\u00e1r let napl\u00e1noval celou jej\u00ed cestu, ani\u017e by to jej\u00ed rodi\u010de cokoliv tu\u0161ili.\u00a0<\/span><span style=\"font-weight: 400; font-family: arial, helvetica, sans-serif; font-size: 16px;\">Aby to bylo v\u016fbec mo\u017en\u00e9, mus\u00ed ob\u011b\u0165 splnit ur\u010dit\u00e9 soci\u00e1ln\u00ed, ekonomick\u00e9 a du\u0161evn\u00ed faktory. V&nbsp;p\u0159\u00edpad\u011b dosp\u00edvaj\u00edc\u00edch d\u00edvek je to iluze a pot\u0159eba. Nen\u00ed-li to ekonomick\u00e1 pot\u0159eba, je to pr\u00e1zdnota l\u00e1sky a n\u00e1klonnosti, kter\u00e1 vytv\u00e1\u0159\u00ed nebezpe\u010dn\u00fd mix. Takov\u00fd \u010dlov\u011bk je pak snadnou ob\u011bt\u00ed, vydanou na pospas agresorovi, kter\u00fd j\u00ed zd\u00e1nliv\u011b d\u00e1v\u00e1 to, co chce.\u00a0<\/span><span style=\"font-family: arial, helvetica, sans-serif; font-size: 16px;\"><span style=\"font-weight: 400;\">Proto kr\u00e1tce po dosa\u017een\u00ed sv\u00fdch osmn\u00e1ct\u00fdch narozenin d\u00edvka odlet\u011bla ze \u0160pan\u011blska do Peru, aby se zde setkala s&nbsp;v\u016fdcem sekty Gnosis, Peru\u00e1ncem <\/span><b>F\u00e9lixem Stevenem Manriquem<\/b><span style=\"font-weight: 400;\"> (35).<\/span><\/span><\/p>\n<p><span style=\"font-weight: 400; font-family: arial, helvetica, sans-serif; font-size: 16px;\">Rodina zalarmovala \u0161pan\u011blsk\u00e9 \u00fa\u0159ady se \u017e\u00e1dost\u00ed o pomoc. Av\u0161ak policejn\u00ed experti p\u0159i vy\u0161et\u0159ov\u00e1n\u00ed t\u011bchto z\u00e1le\u017eitost\u00ed upozor\u0148uj\u00ed na pr\u00e1vn\u00ed slo\u017eitost t\u011bchto p\u0159\u00edpad\u016f, kdy je velmi obt\u00ed\u017en\u00e9 p\u0159iv\u00e9st d\u00edvku zp\u011bt.\u00a0<\/span><span style=\"font-family: arial, helvetica, sans-serif; font-size: 16px;\"><span style=\"font-weight: 400;\">O p\u00e1r m\u011bs\u00edc\u016f pozd\u011bji byla spat\u0159ena v&nbsp;Chile za velmi podez\u0159el\u00fdch okolnost\u00ed. \u201e<\/span><i><span style=\"font-weight: 400;\">Ta d\u00edvka byla velmi mlad\u00e1 a vypadala jako zdrogovan\u00e1, koktala. Mu\u017e, kter\u00fd byl s&nbsp;n\u00ed, ji neopustil ani na okam\u017eik, chodil s&nbsp;n\u00ed i na toalety, a st\u011b\u017e\u00ed ji dovolil mluvit,<\/span><\/i><span style=\"font-weight: 400;\">\u201c \u0159ekl velitel letadla, kter\u00e9 p\u0159ist\u00e1lo dne 18.&nbsp;b\u0159ezna 2017 v&nbsp;Santiagu de Chile. Proto\u017ee ale byla plnolet\u00e1, policist\u00e9 nemohli nic d\u011blat.<\/span><\/span><\/p>\n<p><span style=\"font-family: arial, helvetica, sans-serif; font-size: 16px;\"><span style=\"font-weight: 400;\">V zem\u00edch, jako je Peru, samozvan\u00ed \u201cmesi\u00e1\u0161ov\u00e9\u201d provozuj\u00ed obvykle n\u011bjak\u00fd druh podnik\u00e1n\u00ed, vztahuj\u00edc\u00ed se k&nbsp;alternativn\u00edm l\u00e9\u010debn\u00fdm terapi\u00edm a zakl\u00e1daj\u00ed psychologicko-terapeutick\u00e9 skupiny. Manrique si nap\u0159\u00edklad<\/span> <span style=\"font-weight: 400;\">nech\u00e1val \u0159\u00edkat \u201cprinc Gurdjieff\u201d (po vzoru d\u00e1vn\u00e9ho jurodiv\u00e9ho mystika rusk\u00e9ho p\u016fvodu)[1], a d\u00edvk\u00e1m na\u0159izoval, aby s&nbsp;n\u00edm m\u011bly sex, a byly mu jinak povoln\u00e9 opl\u00e1tkou za jeho &#8220;duchovn\u00ed ochranu\u201c. S\u00e1m se prohl\u00e1sil za jednoho ze sedmi \u201ekr\u00e1l\u016f stvo\u0159itel\u016f\u201c sekty Gnosis. Jako \u201cpolob\u016fh\u201d pr\u00fd p\u0159e\u017eije nadch\u00e1zej\u00edc\u00ed apokalypsu a byl pr\u00fd bohem pov\u011b\u0159en, aby znovu os\u00eddlil Zemi s&nbsp;vybran\u00fdmi d\u00edvkami z&nbsp;jeho har\u00e9mu.<\/span><\/span><\/p>\n<p><figure id=\"attachment_2233\" aria-describedby=\"caption-attachment-2233\" style=\"width: 800px\" class=\"wp-caption aligncenter\"><img loading=\"lazy\" decoding=\"async\" class=\"wp-image-2233 size-large\" src=\"https:\/\/tom-stehule.com\/wp-content\/uploads\/2017\/07\/5b3e9e99e375b-1024x588.jpeg\" alt=\"\" width=\"800\" height=\"459\" srcset=\"https:\/\/tom-stehule.com\/wp-content\/uploads\/2017\/07\/5b3e9e99e375b-1024x588.jpeg 1024w, https:\/\/tom-stehule.com\/wp-content\/uploads\/2017\/07\/5b3e9e99e375b-300x172.jpeg 300w, https:\/\/tom-stehule.com\/wp-content\/uploads\/2017\/07\/5b3e9e99e375b-768x441.jpeg 768w, https:\/\/tom-stehule.com\/wp-content\/uploads\/2017\/07\/5b3e9e99e375b.jpeg 1214w\" sizes=\"auto, (max-width: 800px) 100vw, 800px\" \/><figcaption id=\"caption-attachment-2233\" class=\"wp-caption-text\"><span style=\"font-family: arial, helvetica, sans-serif;\">Z\u00e1tah ve m\u011bst\u011b San Mart\u00edn de Pangoa. Zdroj [trome.pe]<\/span><\/figcaption><\/figure><span style=\"font-weight: 400; font-family: arial, helvetica, sans-serif; font-size: 16px;\">Na\u0161t\u011bst\u00ed po\u010d\u00e1tkem \u010dervence 2018 spadla klec. Patricia byla polici\u00ed nalezena v&nbsp;pralesn\u00edm m\u011bst\u011b San Mart\u00edn de Pangoa, v&nbsp;provincii Satipo, spole\u010dn\u011b se dv\u011bma dal\u0161\u00edmi \u017eenami, kter\u00e9 byly podobn\u00fdm zp\u016fsobem \u201codloveny\u201d p\u0159es Facebook.[2] Celkem t\u0159i \u017eeny a p\u011bt nezletil\u00fdch d\u011bt\u00ed bylo p\u0159esunuto do Limy, kde byly um\u00edst\u011bny do specializovan\u00e9ho st\u0159ediska pro p\u00e9\u010di o d\u011bti. Patricia byla nalezena teprve s&nbsp;m\u011bs\u00ed\u010dn\u00edm d\u00edt\u011btem, kter\u00e9 m\u00e1 s&nbsp;Manriquem, a jakmile to \u00fa\u0159ady dovol\u00ed, vr\u00e1t\u00ed se do \u0160pan\u011blska.<\/span><\/p>\n<p><figure id=\"attachment_2234\" aria-describedby=\"caption-attachment-2234\" style=\"width: 720px\" class=\"wp-caption aligncenter\"><img loading=\"lazy\" decoding=\"async\" class=\"wp-image-2234 size-full\" src=\"https:\/\/tom-stehule.com\/wp-content\/uploads\/2017\/07\/noticia-felixmanrique-gurusexual-joven-espanola.jpg\" alt=\"\" width=\"720\" height=\"405\" srcset=\"https:\/\/tom-stehule.com\/wp-content\/uploads\/2017\/07\/noticia-felixmanrique-gurusexual-joven-espanola.jpg 720w, https:\/\/tom-stehule.com\/wp-content\/uploads\/2017\/07\/noticia-felixmanrique-gurusexual-joven-espanola-300x169.jpg 300w\" sizes=\"auto, (max-width: 720px) 100vw, 720px\" \/><figcaption id=\"caption-attachment-2234\" class=\"wp-caption-text\"><span style=\"font-family: arial, helvetica, sans-serif;\">Zadr\u017een\u00fd F\u00e9lix Steven Manrique G\u00f3mez (35) a jeho &#8220;\u017eeny&#8221;. Zdroj [larepublica.pe]<\/span><\/figcaption><\/figure><span style=\"font-weight: 400; font-family: arial, helvetica, sans-serif; font-size: 16px;\">Mezit\u00edm Manrique, kter\u00fd vedl apokalyptickou sektu, a byl otcem v\u0161ech d\u011bt\u00ed, byl um\u00edst\u011bn do cely, a \u010del\u00ed obvin\u011bn\u00ed z&nbsp;trestn\u00e9ho \u010dinu obchodov\u00e1n\u00ed s&nbsp;lidmi za \u00fa\u010delem sexu\u00e1ln\u00edho vyko\u0159is\u0165ov\u00e1n\u00ed a nucen\u00e9 pr\u00e1ce. M\u016f\u017eeme jen doufat, \u017ee \u00fa\u0159ady v&nbsp;Peru s&nbsp;t\u00edm skute\u010dn\u011b budou n\u011bco d\u011blat a exempl\u00e1rn\u011b ho potrestaj\u00ed. Ale je s&nbsp;t\u00edm obvykle probl\u00e9m.<\/span><\/p>\n<p><span style=\"font-family: arial, helvetica, sans-serif; font-size: 16px;\"><span style=\"font-weight: 400;\">Ve \u0160pan\u011blsku se v&nbsp;sou\u010dasnosti v\u00ed o p\u0159ibli\u017en\u011b dvan\u00e1cti dal\u0161\u00edch p\u0159\u00edpadech obdobn\u00e9ho typu jako p\u0159\u00edpad t\u00e9to d\u00edvky. Podle p\u0159edsedy organizace SOS Desaparecidos,[3] <\/span><b>Joaquina Amilise<\/b><span style=\"font-weight: 400;\">, asi 14% ztracen\u00fdch ve v\u011bku 18 &#8211; 24 let skon\u010d\u00ed v&nbsp;n\u011bjak\u00e9 sekt\u011b.[4] Jen ve \u0160pan\u011blsku funguje podle tamn\u00ed policie p\u0159ibli\u017en\u011b 200 &#8211; 300 r\u016fzn\u00fdch n\u00e1bo\u017eensk\u00fdch organizac\u00ed a ani toto \u010d\u00edslo nen\u00ed p\u0159\u00edli\u0161 p\u0159esn\u00e9.[5]<\/span><\/span><\/p>\n<p><span style=\"font-weight: 400; font-family: arial, helvetica, sans-serif; font-size: 16px;\">Podobn\u00e9 sekty v&nbsp;dne\u0161n\u00ed dob\u011b doslova \u201clov\u00ed\u201d mlad\u00e9 lidi z&nbsp;cel\u00e9ho sv\u011bta prost\u0159ednictv\u00edm internetu. V\u011bt\u0161inou se t\u00edm zab\u00fdvaj\u00ed lid\u00e9, kter\u00e9 vystihuje dominantn\u00ed a podmaniv\u00e1 osobnost, kte\u0159\u00ed velmi snadno manipuluj\u00ed d\u011bti. Rodi\u010de by proto m\u011bli kontrolovat a zaj\u00edmat se o to, co jejich ratolesti na internetu skute\u010dn\u011b d\u011blaj\u00ed, p\u0159\u00edpadn\u011b nasadit monitorovac\u00ed programy a z\u00e1mky.<\/span><\/p>\n<p><span style=\"font-family: arial, helvetica, sans-serif; font-size: 16px;\"><b>Co je sekta Gnosis ?<\/b><\/span><\/p>\n<p><span style=\"font-weight: 400; font-family: arial, helvetica, sans-serif; font-size: 16px;\">Toto hnut\u00ed vzniklo p\u016fvodn\u011b ve II. stolet\u00ed na\u0161eho letopo\u010dtu a vyvolalo prvn\u00ed velkou konfrontaci uvnit\u0159 k\u0159es\u0165ansk\u00e9 v\u011brouky. Gnostici nazna\u010dovali, \u017ee Je\u017e\u00ed\u0161 u\u010dil dv\u011b doktr\u00edny: jednu pro obvykl\u00fd sv\u011bt a druhou, skrytou, pro sv\u00e9 u\u010dedn\u00edky. Nakonec byli po bou\u0159liv\u00e9 diskusi vyhn\u00e1ni z&nbsp;c\u00edrkve.[6]<\/span><\/p>\n<p><span style=\"font-family: arial, helvetica, sans-serif; font-size: 16px;\"><span style=\"font-weight: 400;\">Sou\u010dasn\u00e1 sekta \u201cgnostik\u016f\u201d vznikla v&nbsp;Kolumbii, kde ji v&nbsp;roce 1950 zalo\u017eil <\/span><b>Samuel Aun Weor<\/b><span style=\"font-weight: 400;\">, jako Univerz\u00e1ln\u00ed gnostick\u00e9 k\u0159es\u0165ansk\u00e9 hnut\u00ed.[7] Tento n\u00e1bo\u017eensk\u00fd v\u016fdce vyj\u00e1d\u0159il v&nbsp;jedn\u00e9 ze sv\u00fdch knih: \u201eGnostick\u00e1 c\u00edrkev je neviditeln\u00e1 c\u00edrkev Je\u017e\u00ed\u0161e Krista. Chcete-li vid\u011bt tuto c\u00edrkev, mus\u00edte cestovat v&nbsp;astr\u00e1ln\u00edm t\u011ble a pouze na\u0161e hnut\u00ed v\u00e1s m\u016f\u017ee nau\u010dit poznat toto tajemstv\u00ed.\u201c[8]<\/span><\/span><\/p>\n<p><span style=\"font-weight: 400; font-family: arial, helvetica, sans-serif; font-size: 16px;\">Studium trv\u00e1 p\u0159ibli\u017en\u011b 4 roky, b\u011bhem kter\u00fdch se vyu\u010duje filosofie, um\u011bn\u00ed, n\u00e1bo\u017eenstv\u00ed a dal\u0161\u00ed v\u011bdy, to v\u0161e ov\u0161em z&nbsp;ezoterick\u00e9ho pohledu. Sekta \u201cGnosis\u201d je roz\u0161\u00ed\u0159en\u00e1 po cel\u00e9 Latinsk\u00e9 Americe. <\/span><\/p>\n<p><span style=\"font-weight: 400; font-family: arial, helvetica, sans-serif; font-size: 16px;\">Jedn\u00edm z&nbsp;hlavn\u00edch c\u00edl\u016f sekty je \u201crozpu\u0161t\u011bn\u00ed osobnosti\u201d, tedy vytvo\u0159en\u00ed z&nbsp;nov\u011b p\u0159\u00edchoz\u00ed osoby naprosto poddajnou loutku, podl\u00e9haj\u00edc\u00ed p\u0159\u00edkaz\u016fm sekty. Tak tomu bylo i v&nbsp;p\u0159\u00edpad\u011b Patricie. V&nbsp;jej\u00edch psan\u00fdch pozn\u00e1mk\u00e1ch se nalezly d\u016fkazy o vypu\u0161t\u011bn\u00ed &#8211; likvidaci ega. Jen v&nbsp;Lim\u011b m\u00e1 tato sekta n\u011bkolik dom\u016f, kde provozuje sv\u00e9 \u201cu\u010den\u00ed\u201d.<\/span><\/p>\n<p><span style=\"font-weight: 400; font-family: arial, helvetica, sans-serif; font-size: 16px;\">Zdroje:<\/span><\/p>\n<p><span style=\"font-family: arial, helvetica, sans-serif; font-size: 16px;\"><span style=\"font-weight: 400;\">[1] Georgij Ivanovi\u010d Gurd\u017eijev. Wikipedia. Online: <\/span><a href=\"https:\/\/cs.wikipedia.org\/wiki\/Georgij_Ivanovi%C4%8D_Gurd%C5%BEijev\" target=\"_blank\" rel=\"noopener\"><span style=\"font-weight: 400;\">https:\/\/cs.wikipedia.org\/wiki\/Georgij_Ivanovi%C4%8D_Gurd%C5%BEijev<\/span><\/a><br \/>\n<\/span><span style=\"font-family: arial, helvetica, sans-serif; font-size: 16px;\"><span style=\"font-weight: 400;\">[2] Joven espa\u00f1ola desaparecida desde 2017 fue rescatada de una secta en la selva del Per\u00fa. 05.07.2018.&nbsp;rpp.pe. Online: <\/span><a href=\"http:\/\/rpp.pe\/peru\/junin\/joven-espanola-desaparecida-desde-2017-fue-rescatada-de-una-secta-en-la-selva-del-peru-noticia-1134321\" target=\"_blank\" rel=\"noopener\"><span style=\"font-weight: 400;\">http:\/\/rpp.pe\/peru\/junin\/joven-espanola-desaparecida-desde-2017-fue-rescatada-de-una-secta-en-la-selva-del-peru-noticia-1134321<\/span><\/a><br \/>\n<\/span><span style=\"font-family: arial, helvetica, sans-serif; font-size: 16px;\"><span style=\"font-weight: 400;\">[3] Asociaci\u00f3n SOS Desaparecidos. Online: <\/span><a href=\"http:\/\/sosdesaparecidos.es\/inicio\" target=\"_blank\" rel=\"noopener\"><span style=\"font-weight: 400;\">http:\/\/sosdesaparecidos.es\/inicio<\/span><\/a><br \/>\n<\/span><span style=\"font-family: arial, helvetica, sans-serif; font-size: 16px;\"><span style=\"font-weight: 400;\">[4] As\u00ed es &#8216;Gnosis&#8217;, la peligrosa secta latinoamericana con unos 150 centros por toda Espa\u00f1a. lasexta.com. Online: <\/span><a href=\"http:\/\/www.lasexta.com\/programas\/mas-vale-tarde\/tras-la-pista\/asi-es-gnosis-la-peligrosa-secta-latinoamericana-con-unos-150-centros-por-toda-espana_2017021658a5e2ed0cf2d2743dfcf82b.html\" target=\"_blank\" rel=\"noopener\"><span style=\"font-weight: 400;\">http:\/\/www.lasexta.com\/programas\/mas-vale-tarde\/tras-la-pista\/asi-es-gnosis-la-peligrosa-secta-latinoamericana-con-unos-150-centros-por-toda-espana_2017021658a5e2ed0cf2d2743dfcf82b.html<\/span><\/a><br \/>\n<\/span><span style=\"font-family: arial, helvetica, sans-serif; font-size: 16px;\"><span style=\"font-weight: 400;\">[5] Se investiga una docena de casos similares al de la espa\u00f1ola captada por una secta en Per\u00fa. elconfidencial.com. 13.06.2017. Online: <\/span><a href=\"http:\/\/www.elconfidencialdigital.com\/seguridad\/investiga-similares-espanola-captada-Peru_0_2946305349.html\" target=\"_blank\" rel=\"noopener\"><span style=\"font-weight: 400;\">http:\/\/www.elconfidencialdigital.com\/seguridad\/investiga-similares-espanola-captada-Peru_0_2946305349.html<\/span><\/a><br \/>\n<\/span><span style=\"font-family: arial, helvetica, sans-serif; font-size: 16px;\"><span style=\"font-weight: 400;\">[6] Co je k\u0159es\u0165ansk\u00fd gnosticismus? gotquestions.org. Online: <\/span><a href=\"https:\/\/www.gotquestions.org\/cesky\/krestansky-gnosticismus.html\" target=\"_blank\" rel=\"noopener\"><span style=\"font-weight: 400;\">https:\/\/www.gotquestions.org\/cesky\/krestansky-gnosticismus.html<\/span><\/a><br \/>\n<\/span><span style=\"font-family: arial, helvetica, sans-serif; font-size: 16px;\"><span style=\"font-weight: 400;\">[7] Samael Aun Weor. Wikipedia. Online: <\/span><a href=\"https:\/\/en.wikipedia.org\/wiki\/Samael_Aun_Weor\" target=\"_blank\" rel=\"noopener\"><span style=\"font-weight: 400;\">https:\/\/en.wikipedia.org\/wiki\/Samael_Aun_Weor<\/span><\/a><br \/>\n<\/span><span style=\"font-family: arial, helvetica, sans-serif; font-size: 16px;\"><span style=\"font-weight: 400;\">[8] Sectas de la A a la Z. aciprensa.com. Online: <\/span><a href=\"https:\/\/www.aciprensa.com\/sectas\/algunassectas.htm\" target=\"_blank\" rel=\"noopener\"><span style=\"font-weight: 400;\">https:\/\/www.aciprensa.com\/sectas\/algunassectas.htm<\/span><\/a><\/span><\/p>\n","protected":false},"excerpt":{"rendered":"<p>Po\u010d\u00e1tkem roku 2017 vzbudil medi\u00e1ln\u00ed z\u00e1jem p\u0159\u00edpad poh\u0159e\u0161ovan\u00e9 \u0161pan\u011blsk\u00e9 d\u00edvky Patricie Aguilar. Teprve devaten\u00e1ctilet\u00e1 d\u00edvka byla pozd\u011bji nalezen\u00e1 v&nbsp;Peru, po boku v\u016fdce latinskoamerick\u00e9 sekty jm\u00e9nem Gnosis. Z\u00e1le\u017eitost tak vyvolala polemiku nad p\u016fsoben\u00edm r\u016fzn\u00fdch n\u00e1bo\u017eensk\u00fdm skupin v&nbsp;t\u00e9to \u010d\u00e1sti sv\u011bta.<\/p>\n","protected":false},"author":1,"featured_media":2231,"comment_status":"open","ping_status":"open","sticky":false,"template":"","format":"standard","meta":{"colormag_page_container_layout":"default_layout","colormag_page_sidebar_layout":"default_layout","_crdt_document":"","_exactmetrics_skip_tracking":false,"_exactmetrics_sitenote_active":false,"_exactmetrics_sitenote_note":"","_exactmetrics_sitenote_category":0,"__cvm_playback_settings":[],"__cvm_video_id":"","footnotes":""},"categories":[23],"tags":[5,4,61],"class_list":["post-798","post","type-post","status-publish","format-standard","has-post-thumbnail","hentry","category-cestovani","tag-jizni-amerika","tag-peru","tag-sekty"],"translation":{"provider":"WPGlobus","version":"3.0.2","language":"es","enabled_languages":["cz","es"],"languages":{"cz":{"title":true,"content":true,"excerpt":true},"es":{"title":false,"content":false,"excerpt":false}}},"_links":{"self":[{"href":"https:\/\/tom-stehule.com\/es\/wp-json\/wp\/v2\/posts\/798","targetHints":{"allow":["GET"]}}],"collection":[{"href":"https:\/\/tom-stehule.com\/es\/wp-json\/wp\/v2\/posts"}],"about":[{"href":"https:\/\/tom-stehule.com\/es\/wp-json\/wp\/v2\/types\/post"}],"author":[{"embeddable":true,"href":"https:\/\/tom-stehule.com\/es\/wp-json\/wp\/v2\/users\/1"}],"replies":[{"embeddable":true,"href":"https:\/\/tom-stehule.com\/es\/wp-json\/wp\/v2\/comments?post=798"}],"version-history":[{"count":12,"href":"https:\/\/tom-stehule.com\/es\/wp-json\/wp\/v2\/posts\/798\/revisions"}],"predecessor-version":[{"id":2225,"href":"https:\/\/tom-stehule.com\/es\/wp-json\/wp\/v2\/posts\/798\/revisions\/2225"}],"wp:featuredmedia":[{"embeddable":true,"href":"https:\/\/tom-stehule.com\/es\/wp-json\/wp\/v2\/media\/2231"}],"wp:attachment":[{"href":"https:\/\/tom-stehule.com\/es\/wp-json\/wp\/v2\/media?parent=798"}],"wp:term":[{"taxonomy":"category","embeddable":true,"href":"https:\/\/tom-stehule.com\/es\/wp-json\/wp\/v2\/categories?post=798"},{"taxonomy":"post_tag","embeddable":true,"href":"https:\/\/tom-stehule.com\/es\/wp-json\/wp\/v2\/tags?post=798"}],"curies":[{"name":"wp","href":"https:\/\/api.w.org\/{rel}","templated":true}]}}