{"id":804,"date":"2020-07-25T20:25:00","date_gmt":"2020-07-25T18:25:00","guid":{"rendered":"http:\/\/tom-stehule.com\/?p=804"},"modified":"2020-07-25T20:21:14","modified_gmt":"2020-07-25T18:21:14","slug":"amazonie-s-krvi-prijde-rozvoj","status":"publish","type":"post","link":"https:\/\/tom-stehule.com\/es\/2020\/07\/25\/amazonie-s-krvi-prijde-rozvoj\/","title":{"rendered":"Amazonie: S&nbsp;krv\u00ed p\u0159ijde rozvoj"},"content":{"rendered":"<p><span style=\"font-family: arial, helvetica, sans-serif; font-size: 16px;\">P\u0159edkl\u00e1d\u00e1m v\u00e1m dle m\u00e9ho z\u00e1sadn\u00ed dokument [1] na t\u00e9ma kontroverzn\u00ed kolonizace Amazonsk\u00fdch prales\u016f. Film pojedn\u00e1v\u00e1 o probl\u00e9mech domorod\u00fdch komunit v&nbsp;regionu <strong>Madre de Dios<\/strong> v&nbsp;<strong>Peru<\/strong>. [2] Jedn\u00e1 se o region s&nbsp;celkovou plochou v\u011bt\u0161\u00ed ne\u017e \u010cesk\u00e1 republika, zab\u00edr\u00e1 asi 85&nbsp;300 km2. Ukazuje probl\u00e9my, kter\u00e9 maj\u00ed m\u00edstn\u00ed lid\u00e9 s&nbsp;t\u011b\u017ea\u0159i nerost\u016f, d\u0159evorubci, ale tak\u00e9 vl\u00e1dou, kriminalitou, drogami nebo prostituc\u00ed.<\/span><\/p>\n<p><img loading=\"lazy\" decoding=\"async\" class=\"aligncenter wp-image-812 size-large\" src=\"https:\/\/tom-stehule.com\/wp-content\/uploads\/2017\/07\/450397401-56a2ace23df78cf77278b30a-1024x682.jpg\" alt=\"\" width=\"800\" height=\"533\" srcset=\"https:\/\/tom-stehule.com\/wp-content\/uploads\/2017\/07\/450397401-56a2ace23df78cf77278b30a-1024x682.jpg 1024w, https:\/\/tom-stehule.com\/wp-content\/uploads\/2017\/07\/450397401-56a2ace23df78cf77278b30a-300x200.jpg 300w, https:\/\/tom-stehule.com\/wp-content\/uploads\/2017\/07\/450397401-56a2ace23df78cf77278b30a-768x512.jpg 768w, https:\/\/tom-stehule.com\/wp-content\/uploads\/2017\/07\/450397401-56a2ace23df78cf77278b30a.jpg 1280w\" sizes=\"auto, (max-width: 800px) 100vw, 800px\" \/><\/p>\n<p><span style=\"font-family: arial, helvetica, sans-serif; font-size: 16px;\">Dokument ukazuje, jak se zm\u011bnil a st\u00e1le v\u00edc m\u011bn\u00ed \u017eivot m\u00edstn\u00edch obyvatel po v\u00fdstavb\u011b silnice, nazvan\u00e9 <strong>Interoce\u00e1nica<\/strong> a jak se pod r\u016fzn\u00fdmi ekonomick\u00fdmi z\u00e1jmy ni\u010d\u00ed panensk\u00e1 kultura a po\u0161lap\u00e1vaj\u00ed se pr\u00e1va p\u016fvodn\u00edch obyvatel. To v\u0161e za podpory st\u00e1tu, proto\u017ee ten vid\u00ed jen ekonomick\u00fd p\u0159\u00ednos a ekologie a diverzifikace jde stranou. V&nbsp;\u0159ad\u011b v\u011bc\u00ed praktiky p\u0159ipom\u00ednaj\u00ed kau\u010dukovou hore\u010dku z&nbsp;po\u010d\u00e1tku 19.&nbsp;stolet\u00ed.<\/span><br \/>\n<span style=\"font-family: arial, helvetica, sans-serif; font-size: 16px;\">Amazonie nejsou jen izolovan\u00e9 kmeny, \u0161amani a z\u00e1zra\u010dn\u00e9 l\u00e9ky. To je posledn\u00ed dobou u\u017e jen takov\u00e9 pozl\u00e1tko pro Evropany. Faktem je, \u017ee drancov\u00e1n\u00ed prales\u016f nab\u00edr\u00e1 na obr\u00e1tk\u00e1ch. A to nejen v&nbsp;tomto regionu, ale celkov\u011b.<\/span><br \/>\n<span style=\"font-family: arial, helvetica, sans-serif; font-size: 16px;\">Proto m\u00e1 tento dokument takov\u00fd v\u00fdznam. Dokument\u00e1rn\u00ed po\u0159ad je z&nbsp;trilogie, kter\u00e1 byla p\u016fvodn\u011b vytvo\u0159ena <strong>Milsonem Betancourtem<\/strong> [3] jako sou\u010d\u00e1st doktorsk\u00e9 pr\u00e1ce z&nbsp;geografie na Universidad Federal Fluminense, v&nbsp;Braz\u00edli.[4] D\u011bkuji mu t\u00edmto za souhlas s&nbsp;p\u0159ekladem a spolupr\u00e1ci.\u00a0<\/span><\/p>\n<p><span style=\"font-family: arial, helvetica, sans-serif; font-size: 16px;\">Budu se t\u011b\u0161it na p\u0159\u00edpadn\u00e9 ohlasy a n\u00e1zory.\u00a0<\/span><\/p>\n<p><span style=\"font-family: arial, helvetica, sans-serif; font-size: 16px;\">Pozn\u00e1mka: Pokud nevid\u00edte titulky, zkuste je zapnout vpravo dole.<\/span><\/p>\n<p><span style=\"font-family: arial, helvetica, sans-serif;\"><figure class=\"wp-block-embed wp-block-embed-youtube is-type-video is-provider-youtube epyt-figure\"><div class=\"wp-block-embed__wrapper\"><iframe loading=\"lazy\"  id=\"_ytid_89409\"  width=\"800\" height=\"600\"  data-origwidth=\"800\" data-origheight=\"600\" src=\"https:\/\/www.youtube.com\/embed\/B9mR-QqHOxw?enablejsapi=1&autoplay=0&cc_load_policy=0&cc_lang_pref=&iv_load_policy=1&loop=0&rel=1&fs=1&playsinline=0&autohide=2&theme=dark&color=red&controls=1&disablekb=0&\" class=\"__youtube_prefs__  no-lazyload\" title=\"YouTube player\"  allow=\"fullscreen; accelerometer; autoplay; clipboard-write; encrypted-media; gyroscope; picture-in-picture; web-share\" referrerpolicy=\"strict-origin-when-cross-origin\" allowfullscreen data-no-lazy=\"1\" data-skipgform_ajax_framebjll=\"\"><\/iframe><\/div><\/figure><\/span><\/p>\n<p><span style=\"font-family: arial, helvetica, sans-serif; font-size: 16px;\">Zdroje:<\/span><\/p>\n<p><span style=\"font-family: arial, helvetica, sans-serif; font-size: 16px;\">[1] T.St\u011bhule: S&nbsp;krv\u00ed p\u0159ijde rozvoj Madre de Dios, Per\u00fa. youtube.com. Online:<a href=\"https:\/\/youtu.be\/B9mR-QqHOxw?list=PLvSE191IyV3MA9Xw2ZxTC_48ZzqhHFCnX\" target=\"_blank\" rel=\"noopener noreferrer\">https:\/\/youtu.be\/B9mR-QqHOxw?list=PLvSE191IyV3MA9Xw2ZxTC_48ZzqhHFCnX <\/a><\/span><br \/>\n<span style=\"font-family: arial, helvetica, sans-serif; font-size: 16px;\">[2] Madre de Dios. Wikipedia. Online: <a href=\"https:\/\/cs.wikipedia.org\/wiki\/Region_Madre_de_Dios\" target=\"_blank\" rel=\"noopener noreferrer\">https:\/\/cs.wikipedia.org\/wiki\/Region_Madre_de_Dios <\/a><br \/>\n[3] Milson Betancourt. youtube.com. Online: <a href=\"https:\/\/www.youtube.com\/channel\/UCfsbCnaqUPC7BmVN_GcAelA\" target=\"_blank\" rel=\"noopener noreferrer\">https:\/\/www.youtube.com\/channel\/UCfsbCnaqUPC7BmVN_GcAelA <\/a><\/span><br \/>\n<span style=\"font-family: arial, helvetica, sans-serif; font-size: 16px;\">[4] Fluminense Federal University. Wikipedia. Online: <a href=\"https:\/\/en.wikipedia.org\/wiki\/Fluminense_Federal_University\" target=\"_blank\" rel=\"noopener noreferrer\">https:\/\/en.wikipedia.org\/wiki\/Fluminense_Federal_University <\/a><\/span><\/p>\n","protected":false},"excerpt":{"rendered":"<p>P\u0159edkl\u00e1d\u00e1m v\u00e1m dle m\u00e9ho z\u00e1sadn\u00ed dokument [1] na t\u00e9ma kontroverzn\u00ed kolonizace Amazonsk\u00fdch prales\u016f. Film pojedn\u00e1v\u00e1 o probl\u00e9mech domorod\u00fdch komunit v&nbsp;regionu<\/p>\n","protected":false},"author":1,"featured_media":808,"comment_status":"open","ping_status":"open","sticky":true,"template":"","format":"standard","meta":{"colormag_page_container_layout":"default_layout","colormag_page_sidebar_layout":"default_layout","_crdt_document":"","_exactmetrics_skip_tracking":false,"_exactmetrics_sitenote_active":false,"_exactmetrics_sitenote_note":"","_exactmetrics_sitenote_category":0,"__cvm_playback_settings":[],"__cvm_video_id":"","footnotes":""},"categories":[51],"tags":[31,29,52,5,4],"class_list":["post-804","post","type-post","status-publish","format-standard","has-post-thumbnail","hentry","category-ekologie","tag-amazonie","tag-ayahuasca","tag-ekologie","tag-jizni-amerika","tag-peru"],"translation":{"provider":"WPGlobus","version":"3.0.2","language":"es","enabled_languages":["cz","es"],"languages":{"cz":{"title":true,"content":true,"excerpt":false},"es":{"title":false,"content":false,"excerpt":false}}},"_links":{"self":[{"href":"https:\/\/tom-stehule.com\/es\/wp-json\/wp\/v2\/posts\/804","targetHints":{"allow":["GET"]}}],"collection":[{"href":"https:\/\/tom-stehule.com\/es\/wp-json\/wp\/v2\/posts"}],"about":[{"href":"https:\/\/tom-stehule.com\/es\/wp-json\/wp\/v2\/types\/post"}],"author":[{"embeddable":true,"href":"https:\/\/tom-stehule.com\/es\/wp-json\/wp\/v2\/users\/1"}],"replies":[{"embeddable":true,"href":"https:\/\/tom-stehule.com\/es\/wp-json\/wp\/v2\/comments?post=804"}],"version-history":[{"count":14,"href":"https:\/\/tom-stehule.com\/es\/wp-json\/wp\/v2\/posts\/804\/revisions"}],"predecessor-version":[{"id":3385,"href":"https:\/\/tom-stehule.com\/es\/wp-json\/wp\/v2\/posts\/804\/revisions\/3385"}],"wp:featuredmedia":[{"embeddable":true,"href":"https:\/\/tom-stehule.com\/es\/wp-json\/wp\/v2\/media\/808"}],"wp:attachment":[{"href":"https:\/\/tom-stehule.com\/es\/wp-json\/wp\/v2\/media?parent=804"}],"wp:term":[{"taxonomy":"category","embeddable":true,"href":"https:\/\/tom-stehule.com\/es\/wp-json\/wp\/v2\/categories?post=804"},{"taxonomy":"post_tag","embeddable":true,"href":"https:\/\/tom-stehule.com\/es\/wp-json\/wp\/v2\/tags?post=804"}],"curies":[{"name":"wp","href":"https:\/\/api.w.org\/{rel}","templated":true}]}}